{"id":1843,"date":"2020-02-27T14:42:28","date_gmt":"2020-02-27T13:42:28","guid":{"rendered":"http:\/\/citemomes.fr\/?p=1843"},"modified":"2021-04-13T15:58:40","modified_gmt":"2021-04-13T13:58:40","slug":"forum-a-lasso-de-rouen-le-070919","status":"publish","type":"post","link":"https:\/\/particuliers.citemomes.fr\/index.php\/2020\/02\/27\/forum-a-lasso-de-rouen-le-070919\/","title":{"rendered":"Forum &#8220;\u00c0 l&#8217;asso de Rouen&#8221; le 07\/09\/19"},"content":{"rendered":"<p><em>Cit\u00e9m\u00f4mes<\/em> sera pr\u00e9sente ce samedi 7 septembre au forum \u201c\u00c0 l\u2019asso de Rouen\u201d, le rendez-vous incontournable de la rentr\u00e9e pour choisir ses activit\u00e9s de l\u2019ann\u00e9e \u00e0 venir et d\u00e9couvrir toutes les associations qui oeuvrent pr\u00e8s de chez soi ! Pour cette 11\u00e8me \u00e9dition, 300 assos vous accueillent de 10h \u00e0 18h Avenue Pasteur pour r\u00e9pondre \u00e0 vos questions et parler de leurs actions. Nous vous donnons rendez-vous sur notre stand (n\u00b027), juste en face de la Facult\u00e9 de Droit, pour vous pr\u00e9senter, \u00e0 vous et vos enfants, nos projets, nos ateliers cr\u00e9atifs du mercredi en p\u00e9riode scolaire et nos incontournables ateliers des vacances \u00e0 la carte !<\/p>\n<p>Vous pourrez \u00e9galement proc\u00e9der \u00e0 l\u2019inscription de vos enfants \u00e0 nos p\u2019tits ateliers du mercredi qui reprendront officiellement le 2 octobre prochain !<\/p>\n<p><i>Pour plus d\u2019infos <\/i>: <a href=\"https:\/\/www.rouen.fr\/forum-asso\"><i>https:\/\/www.rouen.fr\/forum-asso<\/i><\/a><\/p>\n<p>&nbsp;<\/p>\n<p><img fetchpriority=\"high\" decoding=\"async\" class=\"wp-image-1655 aligncenter\" src=\"http:\/\/citemomes.fr\/wp-content\/uploads\/2019\/09\/Capture-d\u2019\u00e9cran-2019-09-06-\u00e0-17.22.26-300x139.png\" alt=\"\" width=\"354\" height=\"164\" \/><\/p>\n","protected":false},"excerpt":{"rendered":"<p>Cit\u00e9m\u00f4mes sera pr\u00e9sente ce samedi 7 septembre au forum \u201c\u00c0 l\u2019asso de Rouen\u201d, le rendez-vous incontournable de la rentr\u00e9e pour choisir ses activit\u00e9s de l\u2019ann\u00e9e \u00e0 venir et d\u00e9couvrir toutes les associations qui oeuvrent pr\u00e8s de chez soi ! Pour cette 11\u00e8me \u00e9dition, 300 assos vous accueillent de 10h \u00e0 18h Avenue Pasteur pour r\u00e9pondre&hellip; <a href=\"https:\/\/particuliers.citemomes.fr\/index.php\/2020\/02\/27\/forum-a-lasso-de-rouen-le-070919\/\" class=\"more-link\">Lire la suite <span class=\"screen-reader-text\">Forum &#8220;\u00c0 l&#8217;asso de Rouen&#8221; le 07\/09\/19<\/span><\/a><\/p>\n","protected":false},"author":1,"featured_media":0,"comment_status":"open","ping_status":"open","sticky":false,"template":"","format":"standard","meta":[],"categories":[167],"tags":[],"yoast_head":"<!-- This site is optimized with the Yoast SEO plugin v20.0 - https:\/\/yoast.com\/wordpress\/plugins\/seo\/ -->\n<title>Forum &quot;\u00c0 l&#039;asso de Rouen&quot; le 07\/09\/19 -<\/title>\n<meta name=\"robots\" content=\"index, follow, max-snippet:-1, max-image-preview:large, max-video-preview:-1\" \/>\n<link rel=\"canonical\" href=\"https:\/\/particuliers.citemomes.fr\/index.php\/2020\/02\/27\/forum-a-lasso-de-rouen-le-070919\/\" \/>\n<meta property=\"og:locale\" content=\"fr_FR\" \/>\n<meta property=\"og:type\" content=\"article\" \/>\n<meta property=\"og:title\" content=\"Forum &quot;\u00c0 l&#039;asso de Rouen&quot; le 07\/09\/19 -\" \/>\n<meta property=\"og:description\" content=\"Cit\u00e9m\u00f4mes sera pr\u00e9sente ce samedi 7 septembre au forum \u201c\u00c0 l\u2019asso de Rouen\u201d, le rendez-vous incontournable de la rentr\u00e9e pour choisir ses activit\u00e9s de l\u2019ann\u00e9e \u00e0 venir et d\u00e9couvrir toutes les associations qui oeuvrent pr\u00e8s de chez soi ! Pour cette 11\u00e8me \u00e9dition, 300 assos vous accueillent de 10h \u00e0 18h Avenue Pasteur pour r\u00e9pondre&hellip; Lire la suite Forum &#8220;\u00c0 l&#8217;asso de Rouen&#8221; le 07\/09\/19\" \/>\n<meta property=\"og:url\" content=\"https:\/\/particuliers.citemomes.fr\/index.php\/2020\/02\/27\/forum-a-lasso-de-rouen-le-070919\/\" \/>\n<meta property=\"article:published_time\" content=\"2020-02-27T13:42:28+00:00\" \/>\n<meta property=\"article:modified_time\" content=\"2021-04-13T13:58:40+00:00\" \/>\n<meta name=\"author\" content=\"admin\" \/>\n<meta name=\"twitter:card\" content=\"summary_large_image\" \/>\n<meta name=\"twitter:label1\" content=\"\u00c9crit par\" \/>\n\t<meta name=\"twitter:data1\" content=\"admin\" \/>\n\t<meta name=\"twitter:label2\" content=\"Dur\u00e9e de lecture estim\u00e9e\" \/>\n\t<meta name=\"twitter:data2\" content=\"1 minute\" \/>\n<script type=\"application\/ld+json\" class=\"yoast-schema-graph\">{\"@context\":\"https:\/\/schema.org\",\"@graph\":[{\"@type\":\"WebPage\",\"@id\":\"https:\/\/particuliers.citemomes.fr\/index.php\/2020\/02\/27\/forum-a-lasso-de-rouen-le-070919\/\",\"url\":\"https:\/\/particuliers.citemomes.fr\/index.php\/2020\/02\/27\/forum-a-lasso-de-rouen-le-070919\/\",\"name\":\"Forum \\\"\u00c0 l'asso de Rouen\\\" le 07\/09\/19 -\",\"isPartOf\":{\"@id\":\"http:\/\/particuliers.citemomes.fr\/#website\"},\"datePublished\":\"2020-02-27T13:42:28+00:00\",\"dateModified\":\"2021-04-13T13:58:40+00:00\",\"author\":{\"@id\":\"http:\/\/particuliers.citemomes.fr\/#\/schema\/person\/b7d2d1ef56f27deb2049e29950fb75f7\"},\"breadcrumb\":{\"@id\":\"https:\/\/particuliers.citemomes.fr\/index.php\/2020\/02\/27\/forum-a-lasso-de-rouen-le-070919\/#breadcrumb\"},\"inLanguage\":\"fr-FR\",\"potentialAction\":[{\"@type\":\"ReadAction\",\"target\":[\"https:\/\/particuliers.citemomes.fr\/index.php\/2020\/02\/27\/forum-a-lasso-de-rouen-le-070919\/\"]}]},{\"@type\":\"BreadcrumbList\",\"@id\":\"https:\/\/particuliers.citemomes.fr\/index.php\/2020\/02\/27\/forum-a-lasso-de-rouen-le-070919\/#breadcrumb\",\"itemListElement\":[{\"@type\":\"ListItem\",\"position\":1,\"name\":\"Accueil\",\"item\":\"https:\/\/particuliers.citemomes.fr\/\"},{\"@type\":\"ListItem\",\"position\":2,\"name\":\"Forum &#8220;\u00c0 l&#8217;asso de Rouen&#8221; le 07\/09\/19\"}]},{\"@type\":\"WebSite\",\"@id\":\"http:\/\/particuliers.citemomes.fr\/#website\",\"url\":\"http:\/\/particuliers.citemomes.fr\/\",\"name\":\"\",\"description\":\"D\u00e9couvrir, cr\u00e9er, r\u00eaver !\",\"potentialAction\":[{\"@type\":\"SearchAction\",\"target\":{\"@type\":\"EntryPoint\",\"urlTemplate\":\"http:\/\/particuliers.citemomes.fr\/?s={search_term_string}\"},\"query-input\":\"required name=search_term_string\"}],\"inLanguage\":\"fr-FR\"},{\"@type\":\"Person\",\"@id\":\"http:\/\/particuliers.citemomes.fr\/#\/schema\/person\/b7d2d1ef56f27deb2049e29950fb75f7\",\"name\":\"admin\",\"image\":{\"@type\":\"ImageObject\",\"inLanguage\":\"fr-FR\",\"@id\":\"http:\/\/particuliers.citemomes.fr\/#\/schema\/person\/image\/\",\"url\":\"https:\/\/secure.gravatar.com\/avatar\/2a31050660754423bc44e2e1ec39bd92?s=96&d=mm&r=g\",\"contentUrl\":\"https:\/\/secure.gravatar.com\/avatar\/2a31050660754423bc44e2e1ec39bd92?s=96&d=mm&r=g\",\"caption\":\"admin\"},\"url\":\"https:\/\/particuliers.citemomes.fr\/index.php\/author\/admin\/\"}]}<\/script>\n<!-- \/ Yoast SEO plugin. -->","yoast_head_json":{"title":"Forum \"\u00c0 l'asso de Rouen\" le 07\/09\/19 -","robots":{"index":"index","follow":"follow","max-snippet":"max-snippet:-1","max-image-preview":"max-image-preview:large","max-video-preview":"max-video-preview:-1"},"canonical":"https:\/\/particuliers.citemomes.fr\/index.php\/2020\/02\/27\/forum-a-lasso-de-rouen-le-070919\/","og_locale":"fr_FR","og_type":"article","og_title":"Forum \"\u00c0 l'asso de Rouen\" le 07\/09\/19 -","og_description":"Cit\u00e9m\u00f4mes sera pr\u00e9sente ce samedi 7 septembre au forum \u201c\u00c0 l\u2019asso de Rouen\u201d, le rendez-vous incontournable de la rentr\u00e9e pour choisir ses activit\u00e9s de l\u2019ann\u00e9e \u00e0 venir et d\u00e9couvrir toutes les associations qui oeuvrent pr\u00e8s de chez soi ! Pour cette 11\u00e8me \u00e9dition, 300 assos vous accueillent de 10h \u00e0 18h Avenue Pasteur pour r\u00e9pondre&hellip; Lire la suite Forum &#8220;\u00c0 l&#8217;asso de Rouen&#8221; le 07\/09\/19","og_url":"https:\/\/particuliers.citemomes.fr\/index.php\/2020\/02\/27\/forum-a-lasso-de-rouen-le-070919\/","article_published_time":"2020-02-27T13:42:28+00:00","article_modified_time":"2021-04-13T13:58:40+00:00","author":"admin","twitter_card":"summary_large_image","twitter_misc":{"\u00c9crit par":"admin","Dur\u00e9e de lecture estim\u00e9e":"1 minute"},"schema":{"@context":"https:\/\/schema.org","@graph":[{"@type":"WebPage","@id":"https:\/\/particuliers.citemomes.fr\/index.php\/2020\/02\/27\/forum-a-lasso-de-rouen-le-070919\/","url":"https:\/\/particuliers.citemomes.fr\/index.php\/2020\/02\/27\/forum-a-lasso-de-rouen-le-070919\/","name":"Forum \"\u00c0 l'asso de Rouen\" le 07\/09\/19 -","isPartOf":{"@id":"http:\/\/particuliers.citemomes.fr\/#website"},"datePublished":"2020-02-27T13:42:28+00:00","dateModified":"2021-04-13T13:58:40+00:00","author":{"@id":"http:\/\/particuliers.citemomes.fr\/#\/schema\/person\/b7d2d1ef56f27deb2049e29950fb75f7"},"breadcrumb":{"@id":"https:\/\/particuliers.citemomes.fr\/index.php\/2020\/02\/27\/forum-a-lasso-de-rouen-le-070919\/#breadcrumb"},"inLanguage":"fr-FR","potentialAction":[{"@type":"ReadAction","target":["https:\/\/particuliers.citemomes.fr\/index.php\/2020\/02\/27\/forum-a-lasso-de-rouen-le-070919\/"]}]},{"@type":"BreadcrumbList","@id":"https:\/\/particuliers.citemomes.fr\/index.php\/2020\/02\/27\/forum-a-lasso-de-rouen-le-070919\/#breadcrumb","itemListElement":[{"@type":"ListItem","position":1,"name":"Accueil","item":"https:\/\/particuliers.citemomes.fr\/"},{"@type":"ListItem","position":2,"name":"Forum &#8220;\u00c0 l&#8217;asso de Rouen&#8221; le 07\/09\/19"}]},{"@type":"WebSite","@id":"http:\/\/particuliers.citemomes.fr\/#website","url":"http:\/\/particuliers.citemomes.fr\/","name":"","description":"D\u00e9couvrir, cr\u00e9er, r\u00eaver !","potentialAction":[{"@type":"SearchAction","target":{"@type":"EntryPoint","urlTemplate":"http:\/\/particuliers.citemomes.fr\/?s={search_term_string}"},"query-input":"required name=search_term_string"}],"inLanguage":"fr-FR"},{"@type":"Person","@id":"http:\/\/particuliers.citemomes.fr\/#\/schema\/person\/b7d2d1ef56f27deb2049e29950fb75f7","name":"admin","image":{"@type":"ImageObject","inLanguage":"fr-FR","@id":"http:\/\/particuliers.citemomes.fr\/#\/schema\/person\/image\/","url":"https:\/\/secure.gravatar.com\/avatar\/2a31050660754423bc44e2e1ec39bd92?s=96&d=mm&r=g","contentUrl":"https:\/\/secure.gravatar.com\/avatar\/2a31050660754423bc44e2e1ec39bd92?s=96&d=mm&r=g","caption":"admin"},"url":"https:\/\/particuliers.citemomes.fr\/index.php\/author\/admin\/"}]}},"_links":{"self":[{"href":"https:\/\/particuliers.citemomes.fr\/index.php\/wp-json\/wp\/v2\/posts\/1843"}],"collection":[{"href":"https:\/\/particuliers.citemomes.fr\/index.php\/wp-json\/wp\/v2\/posts"}],"about":[{"href":"https:\/\/particuliers.citemomes.fr\/index.php\/wp-json\/wp\/v2\/types\/post"}],"author":[{"embeddable":true,"href":"https:\/\/particuliers.citemomes.fr\/index.php\/wp-json\/wp\/v2\/users\/1"}],"replies":[{"embeddable":true,"href":"https:\/\/particuliers.citemomes.fr\/index.php\/wp-json\/wp\/v2\/comments?post=1843"}],"version-history":[{"count":1,"href":"https:\/\/particuliers.citemomes.fr\/index.php\/wp-json\/wp\/v2\/posts\/1843\/revisions"}],"predecessor-version":[{"id":3461,"href":"https:\/\/particuliers.citemomes.fr\/index.php\/wp-json\/wp\/v2\/posts\/1843\/revisions\/3461"}],"wp:attachment":[{"href":"https:\/\/particuliers.citemomes.fr\/index.php\/wp-json\/wp\/v2\/media?parent=1843"}],"wp:term":[{"taxonomy":"category","embeddable":true,"href":"https:\/\/particuliers.citemomes.fr\/index.php\/wp-json\/wp\/v2\/categories?post=1843"},{"taxonomy":"post_tag","embeddable":true,"href":"https:\/\/particuliers.citemomes.fr\/index.php\/wp-json\/wp\/v2\/tags?post=1843"}],"curies":[{"name":"wp","href":"https:\/\/api.w.org\/{rel}","templated":true}]}}