{"id":1845,"date":"2020-02-27T14:43:59","date_gmt":"2020-02-27T13:43:59","guid":{"rendered":"http:\/\/citemomes.fr\/?p=1845"},"modified":"2021-04-13T15:58:28","modified_gmt":"2021-04-13T13:58:28","slug":"portes-ouvertes-de-citemomes","status":"publish","type":"post","link":"https:\/\/particuliers.citemomes.fr\/index.php\/2020\/02\/27\/portes-ouvertes-de-citemomes\/","title":{"rendered":"Portes ouvertes de Cit\u00e9m\u00f4mes"},"content":{"rendered":"<p><em><strong>Cit\u00e9m\u00f4mes<\/strong><\/em>\u00a0vous ouvre ses portes le temps d&#8217;un apr\u00e8s-midi cr\u00e9atif le mercredi 11 septembre de 14h \u00e0 18h et d&#8217;une journ\u00e9e cr\u00e9ative le mercredi 18 septembre de 10h \u00e0 18h.\u00a0Au programme : le plein d&#8217;ateliers d\u00e9couvertes gratuits pour les enfants \u00e0 partir de 4 ans !<\/p>\n<p>Parents, vous pourrez inscrire vos enfants pour la rentr\u00e9e prochaine : un abonnement d\u2019un an pour profiter de supers petits ateliers cr\u00e9atifs tous les mercredis de l\u2019ann\u00e9e scolaire ! Comme l\u2019an dernier, 3 cr\u00e9neaux vous sont propos\u00e9s en p\u00e9riode scolaire : le matin de 10h \u00e0 11h30 et l\u2019apr\u00e8s-midi de 14h15 \u00e0 15h45 ou de 16h \u00e0 17h30, avec, pour nouveaut\u00e9, la possibilit\u00e9 d&#8217;amener et r\u00e9cup\u00e9rer vos enfants jusque&#8217;\u00e0 une demi-heure avant et apr\u00e8s l&#8217;atelier. Jeux de soci\u00e9t\u00e9 et coin lectures seront alors de la partie !<\/p>\n<p>Vous pouvez \u00e9galement passer d\u00e8s \u00e0 pr\u00e9sent faire votre inscription \u00e0 l\u2019association lors de nos horaires d\u2019ouverture (mercredis, jeudis et vendredi, 14h-18h) ou nous appeler au 02.76.08.72.67.<\/p>\n<p>Jusqu&#8217;\u00e0 la fin du mois, b\u00e9n\u00e9ficiez\u00a0de notre offre de rentr\u00e9e sur les cartes d&#8217;ateliers pour les vacances : -10\u20ac sur les cartes de 5 et 10 ateliers et -20\u20ac sur les cartes de 20.<\/p>\n<p>Nous vous attendons nombreux ! ?<\/p>\n<p>hh<\/p>\n<p><img fetchpriority=\"high\" decoding=\"async\" class=\" wp-image-1682 aligncenter\" src=\"http:\/\/citemomes.fr\/wp-content\/uploads\/2019\/09\/5C9879EF-D49D-45BA-81BE-D0A62986108A-205x300.jpg\" alt=\"\" width=\"227\" height=\"332\" \/><\/p>\n","protected":false},"excerpt":{"rendered":"<p>Cit\u00e9m\u00f4mes\u00a0vous ouvre ses portes le temps d&#8217;un apr\u00e8s-midi cr\u00e9atif le mercredi 11 septembre de 14h \u00e0 18h et d&#8217;une journ\u00e9e cr\u00e9ative le mercredi 18 septembre de 10h \u00e0 18h.\u00a0Au programme : le plein d&#8217;ateliers d\u00e9couvertes gratuits pour les enfants \u00e0 partir de 4 ans ! Parents, vous pourrez inscrire vos enfants pour la rentr\u00e9e prochaine&hellip; <a href=\"https:\/\/particuliers.citemomes.fr\/index.php\/2020\/02\/27\/portes-ouvertes-de-citemomes\/\" class=\"more-link\">Lire la suite <span class=\"screen-reader-text\">Portes ouvertes de Cit\u00e9m\u00f4mes<\/span><\/a><\/p>\n","protected":false},"author":1,"featured_media":0,"comment_status":"open","ping_status":"open","sticky":false,"template":"","format":"standard","meta":[],"categories":[167],"tags":[],"yoast_head":"<!-- This site is optimized with the Yoast SEO plugin v20.0 - https:\/\/yoast.com\/wordpress\/plugins\/seo\/ -->\n<title>Portes ouvertes de Cit\u00e9m\u00f4mes -<\/title>\n<meta name=\"robots\" content=\"index, follow, max-snippet:-1, max-image-preview:large, max-video-preview:-1\" \/>\n<link rel=\"canonical\" href=\"https:\/\/particuliers.citemomes.fr\/index.php\/2020\/02\/27\/portes-ouvertes-de-citemomes\/\" \/>\n<meta property=\"og:locale\" content=\"fr_FR\" \/>\n<meta property=\"og:type\" content=\"article\" \/>\n<meta property=\"og:title\" content=\"Portes ouvertes de Cit\u00e9m\u00f4mes -\" \/>\n<meta property=\"og:description\" content=\"Cit\u00e9m\u00f4mes\u00a0vous ouvre ses portes le temps d&#8217;un apr\u00e8s-midi cr\u00e9atif le mercredi 11 septembre de 14h \u00e0 18h et d&#8217;une journ\u00e9e cr\u00e9ative le mercredi 18 septembre de 10h \u00e0 18h.\u00a0Au programme : le plein d&#8217;ateliers d\u00e9couvertes gratuits pour les enfants \u00e0 partir de 4 ans ! Parents, vous pourrez inscrire vos enfants pour la rentr\u00e9e prochaine&hellip; Lire la suite Portes ouvertes de Cit\u00e9m\u00f4mes\" \/>\n<meta property=\"og:url\" content=\"https:\/\/particuliers.citemomes.fr\/index.php\/2020\/02\/27\/portes-ouvertes-de-citemomes\/\" \/>\n<meta property=\"article:published_time\" content=\"2020-02-27T13:43:59+00:00\" \/>\n<meta property=\"article:modified_time\" content=\"2021-04-13T13:58:28+00:00\" \/>\n<meta property=\"og:image\" content=\"http:\/\/citemomes.fr\/wp-content\/uploads\/2019\/09\/5C9879EF-D49D-45BA-81BE-D0A62986108A-205x300.jpg\" \/>\n<meta name=\"author\" content=\"admin\" \/>\n<meta name=\"twitter:card\" content=\"summary_large_image\" \/>\n<meta name=\"twitter:label1\" content=\"\u00c9crit par\" \/>\n\t<meta name=\"twitter:data1\" content=\"admin\" \/>\n\t<meta name=\"twitter:label2\" content=\"Dur\u00e9e de lecture estim\u00e9e\" \/>\n\t<meta name=\"twitter:data2\" content=\"1 minute\" \/>\n<script type=\"application\/ld+json\" class=\"yoast-schema-graph\">{\"@context\":\"https:\/\/schema.org\",\"@graph\":[{\"@type\":\"WebPage\",\"@id\":\"https:\/\/particuliers.citemomes.fr\/index.php\/2020\/02\/27\/portes-ouvertes-de-citemomes\/\",\"url\":\"https:\/\/particuliers.citemomes.fr\/index.php\/2020\/02\/27\/portes-ouvertes-de-citemomes\/\",\"name\":\"Portes ouvertes de Cit\u00e9m\u00f4mes -\",\"isPartOf\":{\"@id\":\"http:\/\/particuliers.citemomes.fr\/#website\"},\"datePublished\":\"2020-02-27T13:43:59+00:00\",\"dateModified\":\"2021-04-13T13:58:28+00:00\",\"author\":{\"@id\":\"http:\/\/particuliers.citemomes.fr\/#\/schema\/person\/b7d2d1ef56f27deb2049e29950fb75f7\"},\"breadcrumb\":{\"@id\":\"https:\/\/particuliers.citemomes.fr\/index.php\/2020\/02\/27\/portes-ouvertes-de-citemomes\/#breadcrumb\"},\"inLanguage\":\"fr-FR\",\"potentialAction\":[{\"@type\":\"ReadAction\",\"target\":[\"https:\/\/particuliers.citemomes.fr\/index.php\/2020\/02\/27\/portes-ouvertes-de-citemomes\/\"]}]},{\"@type\":\"BreadcrumbList\",\"@id\":\"https:\/\/particuliers.citemomes.fr\/index.php\/2020\/02\/27\/portes-ouvertes-de-citemomes\/#breadcrumb\",\"itemListElement\":[{\"@type\":\"ListItem\",\"position\":1,\"name\":\"Accueil\",\"item\":\"https:\/\/particuliers.citemomes.fr\/\"},{\"@type\":\"ListItem\",\"position\":2,\"name\":\"Portes ouvertes de Cit\u00e9m\u00f4mes\"}]},{\"@type\":\"WebSite\",\"@id\":\"http:\/\/particuliers.citemomes.fr\/#website\",\"url\":\"http:\/\/particuliers.citemomes.fr\/\",\"name\":\"\",\"description\":\"D\u00e9couvrir, cr\u00e9er, r\u00eaver !\",\"potentialAction\":[{\"@type\":\"SearchAction\",\"target\":{\"@type\":\"EntryPoint\",\"urlTemplate\":\"http:\/\/particuliers.citemomes.fr\/?s={search_term_string}\"},\"query-input\":\"required name=search_term_string\"}],\"inLanguage\":\"fr-FR\"},{\"@type\":\"Person\",\"@id\":\"http:\/\/particuliers.citemomes.fr\/#\/schema\/person\/b7d2d1ef56f27deb2049e29950fb75f7\",\"name\":\"admin\",\"image\":{\"@type\":\"ImageObject\",\"inLanguage\":\"fr-FR\",\"@id\":\"http:\/\/particuliers.citemomes.fr\/#\/schema\/person\/image\/\",\"url\":\"https:\/\/secure.gravatar.com\/avatar\/2a31050660754423bc44e2e1ec39bd92?s=96&d=mm&r=g\",\"contentUrl\":\"https:\/\/secure.gravatar.com\/avatar\/2a31050660754423bc44e2e1ec39bd92?s=96&d=mm&r=g\",\"caption\":\"admin\"},\"url\":\"https:\/\/particuliers.citemomes.fr\/index.php\/author\/admin\/\"}]}<\/script>\n<!-- \/ Yoast SEO plugin. -->","yoast_head_json":{"title":"Portes ouvertes de Cit\u00e9m\u00f4mes -","robots":{"index":"index","follow":"follow","max-snippet":"max-snippet:-1","max-image-preview":"max-image-preview:large","max-video-preview":"max-video-preview:-1"},"canonical":"https:\/\/particuliers.citemomes.fr\/index.php\/2020\/02\/27\/portes-ouvertes-de-citemomes\/","og_locale":"fr_FR","og_type":"article","og_title":"Portes ouvertes de Cit\u00e9m\u00f4mes -","og_description":"Cit\u00e9m\u00f4mes\u00a0vous ouvre ses portes le temps d&#8217;un apr\u00e8s-midi cr\u00e9atif le mercredi 11 septembre de 14h \u00e0 18h et d&#8217;une journ\u00e9e cr\u00e9ative le mercredi 18 septembre de 10h \u00e0 18h.\u00a0Au programme : le plein d&#8217;ateliers d\u00e9couvertes gratuits pour les enfants \u00e0 partir de 4 ans ! Parents, vous pourrez inscrire vos enfants pour la rentr\u00e9e prochaine&hellip; Lire la suite Portes ouvertes de Cit\u00e9m\u00f4mes","og_url":"https:\/\/particuliers.citemomes.fr\/index.php\/2020\/02\/27\/portes-ouvertes-de-citemomes\/","article_published_time":"2020-02-27T13:43:59+00:00","article_modified_time":"2021-04-13T13:58:28+00:00","og_image":[{"url":"http:\/\/citemomes.fr\/wp-content\/uploads\/2019\/09\/5C9879EF-D49D-45BA-81BE-D0A62986108A-205x300.jpg"}],"author":"admin","twitter_card":"summary_large_image","twitter_misc":{"\u00c9crit par":"admin","Dur\u00e9e de lecture estim\u00e9e":"1 minute"},"schema":{"@context":"https:\/\/schema.org","@graph":[{"@type":"WebPage","@id":"https:\/\/particuliers.citemomes.fr\/index.php\/2020\/02\/27\/portes-ouvertes-de-citemomes\/","url":"https:\/\/particuliers.citemomes.fr\/index.php\/2020\/02\/27\/portes-ouvertes-de-citemomes\/","name":"Portes ouvertes de Cit\u00e9m\u00f4mes -","isPartOf":{"@id":"http:\/\/particuliers.citemomes.fr\/#website"},"datePublished":"2020-02-27T13:43:59+00:00","dateModified":"2021-04-13T13:58:28+00:00","author":{"@id":"http:\/\/particuliers.citemomes.fr\/#\/schema\/person\/b7d2d1ef56f27deb2049e29950fb75f7"},"breadcrumb":{"@id":"https:\/\/particuliers.citemomes.fr\/index.php\/2020\/02\/27\/portes-ouvertes-de-citemomes\/#breadcrumb"},"inLanguage":"fr-FR","potentialAction":[{"@type":"ReadAction","target":["https:\/\/particuliers.citemomes.fr\/index.php\/2020\/02\/27\/portes-ouvertes-de-citemomes\/"]}]},{"@type":"BreadcrumbList","@id":"https:\/\/particuliers.citemomes.fr\/index.php\/2020\/02\/27\/portes-ouvertes-de-citemomes\/#breadcrumb","itemListElement":[{"@type":"ListItem","position":1,"name":"Accueil","item":"https:\/\/particuliers.citemomes.fr\/"},{"@type":"ListItem","position":2,"name":"Portes ouvertes de Cit\u00e9m\u00f4mes"}]},{"@type":"WebSite","@id":"http:\/\/particuliers.citemomes.fr\/#website","url":"http:\/\/particuliers.citemomes.fr\/","name":"","description":"D\u00e9couvrir, cr\u00e9er, r\u00eaver !","potentialAction":[{"@type":"SearchAction","target":{"@type":"EntryPoint","urlTemplate":"http:\/\/particuliers.citemomes.fr\/?s={search_term_string}"},"query-input":"required name=search_term_string"}],"inLanguage":"fr-FR"},{"@type":"Person","@id":"http:\/\/particuliers.citemomes.fr\/#\/schema\/person\/b7d2d1ef56f27deb2049e29950fb75f7","name":"admin","image":{"@type":"ImageObject","inLanguage":"fr-FR","@id":"http:\/\/particuliers.citemomes.fr\/#\/schema\/person\/image\/","url":"https:\/\/secure.gravatar.com\/avatar\/2a31050660754423bc44e2e1ec39bd92?s=96&d=mm&r=g","contentUrl":"https:\/\/secure.gravatar.com\/avatar\/2a31050660754423bc44e2e1ec39bd92?s=96&d=mm&r=g","caption":"admin"},"url":"https:\/\/particuliers.citemomes.fr\/index.php\/author\/admin\/"}]}},"_links":{"self":[{"href":"https:\/\/particuliers.citemomes.fr\/index.php\/wp-json\/wp\/v2\/posts\/1845"}],"collection":[{"href":"https:\/\/particuliers.citemomes.fr\/index.php\/wp-json\/wp\/v2\/posts"}],"about":[{"href":"https:\/\/particuliers.citemomes.fr\/index.php\/wp-json\/wp\/v2\/types\/post"}],"author":[{"embeddable":true,"href":"https:\/\/particuliers.citemomes.fr\/index.php\/wp-json\/wp\/v2\/users\/1"}],"replies":[{"embeddable":true,"href":"https:\/\/particuliers.citemomes.fr\/index.php\/wp-json\/wp\/v2\/comments?post=1845"}],"version-history":[{"count":1,"href":"https:\/\/particuliers.citemomes.fr\/index.php\/wp-json\/wp\/v2\/posts\/1845\/revisions"}],"predecessor-version":[{"id":3460,"href":"https:\/\/particuliers.citemomes.fr\/index.php\/wp-json\/wp\/v2\/posts\/1845\/revisions\/3460"}],"wp:attachment":[{"href":"https:\/\/particuliers.citemomes.fr\/index.php\/wp-json\/wp\/v2\/media?parent=1845"}],"wp:term":[{"taxonomy":"category","embeddable":true,"href":"https:\/\/particuliers.citemomes.fr\/index.php\/wp-json\/wp\/v2\/categories?post=1845"},{"taxonomy":"post_tag","embeddable":true,"href":"https:\/\/particuliers.citemomes.fr\/index.php\/wp-json\/wp\/v2\/tags?post=1845"}],"curies":[{"name":"wp","href":"https:\/\/api.w.org\/{rel}","templated":true}]}}