{"id":1849,"date":"2020-02-27T14:45:42","date_gmt":"2020-02-27T13:45:42","guid":{"rendered":"http:\/\/citemomes.fr\/?p=1849"},"modified":"2021-04-13T15:58:19","modified_gmt":"2021-04-13T13:58:19","slug":"vive-les-vacances-chez-citemomes","status":"publish","type":"post","link":"https:\/\/particuliers.citemomes.fr\/index.php\/2020\/02\/27\/vive-les-vacances-chez-citemomes\/","title":{"rendered":"Vive les vacances chez Cit\u00e9m\u00f4mes !"},"content":{"rendered":"<p style=\"text-align: center;\"><span style=\"color: #000000;\">Qui dit octobre dit retour tant attendu des vacances ! Comme chaque ann\u00e9e, c\u2019est reparti pour deux semaines\u00a0d\u2019ateliers \u00e0 notre local du 11 rue du Moulinet \u00e0 Rouen ! Les petits ateliers des vacances (mercredi, jeudi, vendredi et samedi) vous feront traverser\u00a0le quai <strong>9 3\u20444<\/strong> direction <strong>Poudlard<\/strong> et le monde fascinant d\u2019<strong>Harry Potter<\/strong>. \u00c0 cette occasion, notre petite galerie rev\u00eatira\u00a0les blasons des quatre c\u00e9l\u00e8bres maisons de l\u2019univers de JK Rowling. Un \u00e9v\u00e9nement \u00e0 ne pas manquer pour tous les apprentis sorciers !<\/span><\/p>\n<p style=\"text-align: center;\"><span style=\"color: #000000;\">Grande nouveaut\u00e9 de ces vacances de la Toussaint : chaque\u00a0vendredi pendant les vacances, nous vous proposerons d\u00e9sormais un atelier \u00ab <a style=\"color: #000000;\" href=\"http:\/\/citemomes.fr\/textilab-6-16-ans\/\"><strong>Textilab<\/strong><\/a>\u00a0\u00bb ! \u00c0 partir de 6 ans, celui-ci ravira \u00e9galement les ados qui pourront apprendre \u00e0 broder, piquer, tricoter ou m\u00eame\u00a0tisser ! Au programme de cette premi\u00e8re : un super atelier tissage pour apprendre \u00e0 tisser et cr\u00e9er de jolies pi\u00e8ces\u00a0pour customiser sa chambre ou ses v\u00eatements.\u00a0Nous accueillerons \u00e9galement vos enfants pour nos incontournables ateliers \u00ab <a style=\"color: #000000;\" href=\"http:\/\/citemomes.fr\/ateliers\/croque-ton-musee\/\"><em>Croque ton mus\u00e9e<\/em><\/a> \u00bb, \u00ab <a style=\"color: #000000;\" href=\"http:\/\/citemomes.fr\/ateliers\/mardis-creatifs\/\"><em>ateliers DIY<\/em><\/a> \u00bb\u00a0et \u00ab <a style=\"color: #000000;\" href=\"http:\/\/citemomes.fr\/ateliers\/eveil-culturel\/\">\u00e9veil culturel <\/a>\u00bb pour les plus petits.<\/span><\/p>\n<p>&nbsp;<\/p>\n<p><span style=\"color: #000000;\"><span style=\"color: #008080;\"><strong>Lundi 21 et 28<\/strong><\/span>, de 14h30 \u00e0 16h30 : atelier &#8220;C<a style=\"color: #000000;\" href=\"http:\/\/citemomes.fr\/ateliers\/croque-ton-musee\/\">roque ton mus\u00e9e<\/a>\u00a0!&#8221; (4-12 ans)<\/span><\/p>\n<p><span style=\"color: #000000;\"><span style=\"color: #008080;\"><strong>Mardi 22 et 29<\/strong><\/span>, de 14h30 \u00e0 16h et de 16h30 \u00e0 18h : <a style=\"color: #000000;\" href=\"http:\/\/citemomes.fr\/ateliers\/mardis-creatifs\/\">ateliers DIY<\/a> &#8220;sp\u00e9cial <strong>HALLOWEEN<\/strong>&#8221; (avec possibilit\u00e9 de duo parent-enfant)<\/span><\/p>\n<p><span style=\"color: #000000;\"><span style=\"color: #008080;\"><strong>Mercredi 23 et 30<\/strong>,<\/span> de\u00a09h30 \u00e0 10h30 et de 11h \u00e0 12h : <a style=\"color: #000000;\" href=\"http:\/\/citemomes.fr\/ateliers\/eveil-culturel\/\">\u00e9veil culturel<\/a>\u00a0(18 mois-4 ans)<\/span><\/p>\n<p><span style=\"color: #000000;\"><span style=\"color: #008080;\"><strong>Jeudi 24 et 31<\/strong><\/span>, de 10H30 \u00e0 12h : ateliers <a style=\"color: #000000;\" href=\"http:\/\/citemomes.fr\/ateliers\/les-ateliers-bazart\/\">Baz&#8217;art<\/a> (4-12 ans)<\/span><\/p>\n<p><span style=\"color: #000000;\"><span style=\"color: #008080;\"><strong>Vendredi 25<\/strong><\/span> de 10h30 \u00e0 12h : atelier <a style=\"color: #000000;\" href=\"http:\/\/citemomes.fr\/textilab-6-16-ans\/\">Textilab<\/a>&#8216; (<strong>nouveaut\u00e9<\/strong> !)<\/span><\/p>\n<p><span style=\"color: #000000;\"><span style=\"color: #008080;\"><strong>Mercredi 23, jeudi 24 et vendredi 25<\/strong><span style=\"color: #000000;\">,<\/span><\/span>\u00a0<a style=\"color: #000000;\" href=\"http:\/\/citemomes.fr\/ateliers\/les-ptits-ateliers-des-vacances\/\">les petits ateliers des vacances<\/a>\u00a0&#8220;<strong>sp\u00e9cial Harry Potter<\/strong>&#8221; (4-12 ans)<\/span><\/p>\n<p><span style=\"color: #000000;\"><strong><span style=\"color: #008080;\">Jeudi 31 octobre apr\u00e8s-midi<\/span>,\u00a0<\/strong>f\u00eate d&#8217;<strong>HALLOWEEN<\/strong> !!!<\/span><\/p>\n<p>&nbsp;<\/p>\n<p style=\"text-align: center;\"><span style=\"color: #000000;\"><strong><em>R\u00e9servations par mail \u00e0 l&#8217;adresse associationcitemomes@gmail.com ou par t\u00e9l\u00e9phone au\u00a002.76.08.72.67 !\u00a0<\/em><\/strong><\/span><\/p>\n<p><img fetchpriority=\"high\" decoding=\"async\" class=\"wp-image-1713 aligncenter\" src=\"http:\/\/citemomes.fr\/wp-content\/uploads\/2019\/09\/Capture-d\u2019\u00e9cran-2019-10-09-\u00e0-16.49.23-300x187.png\" alt=\"\" width=\"381\" height=\"238\" \/><\/p>\n","protected":false},"excerpt":{"rendered":"<p>Qui dit octobre dit retour tant attendu des vacances ! Comme chaque ann\u00e9e, c\u2019est reparti pour deux semaines\u00a0d\u2019ateliers \u00e0 notre local du 11 rue du Moulinet \u00e0 Rouen ! Les petits ateliers des vacances (mercredi, jeudi, vendredi et samedi) vous feront traverser\u00a0le quai 9 3\u20444 direction Poudlard et le monde fascinant d\u2019Harry Potter. \u00c0 cette&hellip; <a href=\"https:\/\/particuliers.citemomes.fr\/index.php\/2020\/02\/27\/vive-les-vacances-chez-citemomes\/\" class=\"more-link\">Lire la suite <span class=\"screen-reader-text\">Vive les vacances chez Cit\u00e9m\u00f4mes !<\/span><\/a><\/p>\n","protected":false},"author":1,"featured_media":0,"comment_status":"open","ping_status":"open","sticky":false,"template":"","format":"standard","meta":[],"categories":[184],"tags":[],"yoast_head":"<!-- This site is optimized with the Yoast SEO plugin v20.0 - https:\/\/yoast.com\/wordpress\/plugins\/seo\/ -->\n<title>Vive les vacances chez Cit\u00e9m\u00f4mes ! -<\/title>\n<meta name=\"robots\" content=\"index, follow, max-snippet:-1, max-image-preview:large, max-video-preview:-1\" \/>\n<link rel=\"canonical\" href=\"https:\/\/particuliers.citemomes.fr\/index.php\/2020\/02\/27\/vive-les-vacances-chez-citemomes\/\" \/>\n<meta property=\"og:locale\" content=\"fr_FR\" \/>\n<meta property=\"og:type\" content=\"article\" \/>\n<meta property=\"og:title\" content=\"Vive les vacances chez Cit\u00e9m\u00f4mes ! -\" \/>\n<meta property=\"og:description\" content=\"Qui dit octobre dit retour tant attendu des vacances ! Comme chaque ann\u00e9e, c\u2019est reparti pour deux semaines\u00a0d\u2019ateliers \u00e0 notre local du 11 rue du Moulinet \u00e0 Rouen ! Les petits ateliers des vacances (mercredi, jeudi, vendredi et samedi) vous feront traverser\u00a0le quai 9 3\u20444 direction Poudlard et le monde fascinant d\u2019Harry Potter. \u00c0 cette&hellip; Lire la suite Vive les vacances chez Cit\u00e9m\u00f4mes !\" \/>\n<meta property=\"og:url\" content=\"https:\/\/particuliers.citemomes.fr\/index.php\/2020\/02\/27\/vive-les-vacances-chez-citemomes\/\" \/>\n<meta property=\"article:published_time\" content=\"2020-02-27T13:45:42+00:00\" \/>\n<meta property=\"article:modified_time\" content=\"2021-04-13T13:58:19+00:00\" \/>\n<meta name=\"author\" content=\"admin\" \/>\n<meta name=\"twitter:card\" content=\"summary_large_image\" \/>\n<meta name=\"twitter:label1\" content=\"\u00c9crit par\" \/>\n\t<meta name=\"twitter:data1\" content=\"admin\" \/>\n\t<meta name=\"twitter:label2\" content=\"Dur\u00e9e de lecture estim\u00e9e\" \/>\n\t<meta name=\"twitter:data2\" content=\"1 minute\" \/>\n<script type=\"application\/ld+json\" class=\"yoast-schema-graph\">{\"@context\":\"https:\/\/schema.org\",\"@graph\":[{\"@type\":\"WebPage\",\"@id\":\"https:\/\/particuliers.citemomes.fr\/index.php\/2020\/02\/27\/vive-les-vacances-chez-citemomes\/\",\"url\":\"https:\/\/particuliers.citemomes.fr\/index.php\/2020\/02\/27\/vive-les-vacances-chez-citemomes\/\",\"name\":\"Vive les vacances chez Cit\u00e9m\u00f4mes ! -\",\"isPartOf\":{\"@id\":\"http:\/\/particuliers.citemomes.fr\/#website\"},\"datePublished\":\"2020-02-27T13:45:42+00:00\",\"dateModified\":\"2021-04-13T13:58:19+00:00\",\"author\":{\"@id\":\"http:\/\/particuliers.citemomes.fr\/#\/schema\/person\/b7d2d1ef56f27deb2049e29950fb75f7\"},\"breadcrumb\":{\"@id\":\"https:\/\/particuliers.citemomes.fr\/index.php\/2020\/02\/27\/vive-les-vacances-chez-citemomes\/#breadcrumb\"},\"inLanguage\":\"fr-FR\",\"potentialAction\":[{\"@type\":\"ReadAction\",\"target\":[\"https:\/\/particuliers.citemomes.fr\/index.php\/2020\/02\/27\/vive-les-vacances-chez-citemomes\/\"]}]},{\"@type\":\"BreadcrumbList\",\"@id\":\"https:\/\/particuliers.citemomes.fr\/index.php\/2020\/02\/27\/vive-les-vacances-chez-citemomes\/#breadcrumb\",\"itemListElement\":[{\"@type\":\"ListItem\",\"position\":1,\"name\":\"Accueil\",\"item\":\"https:\/\/particuliers.citemomes.fr\/\"},{\"@type\":\"ListItem\",\"position\":2,\"name\":\"Vive les vacances chez Cit\u00e9m\u00f4mes !\"}]},{\"@type\":\"WebSite\",\"@id\":\"http:\/\/particuliers.citemomes.fr\/#website\",\"url\":\"http:\/\/particuliers.citemomes.fr\/\",\"name\":\"\",\"description\":\"D\u00e9couvrir, cr\u00e9er, r\u00eaver !\",\"potentialAction\":[{\"@type\":\"SearchAction\",\"target\":{\"@type\":\"EntryPoint\",\"urlTemplate\":\"http:\/\/particuliers.citemomes.fr\/?s={search_term_string}\"},\"query-input\":\"required name=search_term_string\"}],\"inLanguage\":\"fr-FR\"},{\"@type\":\"Person\",\"@id\":\"http:\/\/particuliers.citemomes.fr\/#\/schema\/person\/b7d2d1ef56f27deb2049e29950fb75f7\",\"name\":\"admin\",\"image\":{\"@type\":\"ImageObject\",\"inLanguage\":\"fr-FR\",\"@id\":\"http:\/\/particuliers.citemomes.fr\/#\/schema\/person\/image\/\",\"url\":\"https:\/\/secure.gravatar.com\/avatar\/2a31050660754423bc44e2e1ec39bd92?s=96&d=mm&r=g\",\"contentUrl\":\"https:\/\/secure.gravatar.com\/avatar\/2a31050660754423bc44e2e1ec39bd92?s=96&d=mm&r=g\",\"caption\":\"admin\"},\"url\":\"https:\/\/particuliers.citemomes.fr\/index.php\/author\/admin\/\"}]}<\/script>\n<!-- \/ Yoast SEO plugin. -->","yoast_head_json":{"title":"Vive les vacances chez Cit\u00e9m\u00f4mes ! -","robots":{"index":"index","follow":"follow","max-snippet":"max-snippet:-1","max-image-preview":"max-image-preview:large","max-video-preview":"max-video-preview:-1"},"canonical":"https:\/\/particuliers.citemomes.fr\/index.php\/2020\/02\/27\/vive-les-vacances-chez-citemomes\/","og_locale":"fr_FR","og_type":"article","og_title":"Vive les vacances chez Cit\u00e9m\u00f4mes ! -","og_description":"Qui dit octobre dit retour tant attendu des vacances ! Comme chaque ann\u00e9e, c\u2019est reparti pour deux semaines\u00a0d\u2019ateliers \u00e0 notre local du 11 rue du Moulinet \u00e0 Rouen ! Les petits ateliers des vacances (mercredi, jeudi, vendredi et samedi) vous feront traverser\u00a0le quai 9 3\u20444 direction Poudlard et le monde fascinant d\u2019Harry Potter. \u00c0 cette&hellip; Lire la suite Vive les vacances chez Cit\u00e9m\u00f4mes !","og_url":"https:\/\/particuliers.citemomes.fr\/index.php\/2020\/02\/27\/vive-les-vacances-chez-citemomes\/","article_published_time":"2020-02-27T13:45:42+00:00","article_modified_time":"2021-04-13T13:58:19+00:00","author":"admin","twitter_card":"summary_large_image","twitter_misc":{"\u00c9crit par":"admin","Dur\u00e9e de lecture estim\u00e9e":"1 minute"},"schema":{"@context":"https:\/\/schema.org","@graph":[{"@type":"WebPage","@id":"https:\/\/particuliers.citemomes.fr\/index.php\/2020\/02\/27\/vive-les-vacances-chez-citemomes\/","url":"https:\/\/particuliers.citemomes.fr\/index.php\/2020\/02\/27\/vive-les-vacances-chez-citemomes\/","name":"Vive les vacances chez Cit\u00e9m\u00f4mes ! -","isPartOf":{"@id":"http:\/\/particuliers.citemomes.fr\/#website"},"datePublished":"2020-02-27T13:45:42+00:00","dateModified":"2021-04-13T13:58:19+00:00","author":{"@id":"http:\/\/particuliers.citemomes.fr\/#\/schema\/person\/b7d2d1ef56f27deb2049e29950fb75f7"},"breadcrumb":{"@id":"https:\/\/particuliers.citemomes.fr\/index.php\/2020\/02\/27\/vive-les-vacances-chez-citemomes\/#breadcrumb"},"inLanguage":"fr-FR","potentialAction":[{"@type":"ReadAction","target":["https:\/\/particuliers.citemomes.fr\/index.php\/2020\/02\/27\/vive-les-vacances-chez-citemomes\/"]}]},{"@type":"BreadcrumbList","@id":"https:\/\/particuliers.citemomes.fr\/index.php\/2020\/02\/27\/vive-les-vacances-chez-citemomes\/#breadcrumb","itemListElement":[{"@type":"ListItem","position":1,"name":"Accueil","item":"https:\/\/particuliers.citemomes.fr\/"},{"@type":"ListItem","position":2,"name":"Vive les vacances chez Cit\u00e9m\u00f4mes !"}]},{"@type":"WebSite","@id":"http:\/\/particuliers.citemomes.fr\/#website","url":"http:\/\/particuliers.citemomes.fr\/","name":"","description":"D\u00e9couvrir, cr\u00e9er, r\u00eaver !","potentialAction":[{"@type":"SearchAction","target":{"@type":"EntryPoint","urlTemplate":"http:\/\/particuliers.citemomes.fr\/?s={search_term_string}"},"query-input":"required name=search_term_string"}],"inLanguage":"fr-FR"},{"@type":"Person","@id":"http:\/\/particuliers.citemomes.fr\/#\/schema\/person\/b7d2d1ef56f27deb2049e29950fb75f7","name":"admin","image":{"@type":"ImageObject","inLanguage":"fr-FR","@id":"http:\/\/particuliers.citemomes.fr\/#\/schema\/person\/image\/","url":"https:\/\/secure.gravatar.com\/avatar\/2a31050660754423bc44e2e1ec39bd92?s=96&d=mm&r=g","contentUrl":"https:\/\/secure.gravatar.com\/avatar\/2a31050660754423bc44e2e1ec39bd92?s=96&d=mm&r=g","caption":"admin"},"url":"https:\/\/particuliers.citemomes.fr\/index.php\/author\/admin\/"}]}},"_links":{"self":[{"href":"https:\/\/particuliers.citemomes.fr\/index.php\/wp-json\/wp\/v2\/posts\/1849"}],"collection":[{"href":"https:\/\/particuliers.citemomes.fr\/index.php\/wp-json\/wp\/v2\/posts"}],"about":[{"href":"https:\/\/particuliers.citemomes.fr\/index.php\/wp-json\/wp\/v2\/types\/post"}],"author":[{"embeddable":true,"href":"https:\/\/particuliers.citemomes.fr\/index.php\/wp-json\/wp\/v2\/users\/1"}],"replies":[{"embeddable":true,"href":"https:\/\/particuliers.citemomes.fr\/index.php\/wp-json\/wp\/v2\/comments?post=1849"}],"version-history":[{"count":1,"href":"https:\/\/particuliers.citemomes.fr\/index.php\/wp-json\/wp\/v2\/posts\/1849\/revisions"}],"predecessor-version":[{"id":3459,"href":"https:\/\/particuliers.citemomes.fr\/index.php\/wp-json\/wp\/v2\/posts\/1849\/revisions\/3459"}],"wp:attachment":[{"href":"https:\/\/particuliers.citemomes.fr\/index.php\/wp-json\/wp\/v2\/media?parent=1849"}],"wp:term":[{"taxonomy":"category","embeddable":true,"href":"https:\/\/particuliers.citemomes.fr\/index.php\/wp-json\/wp\/v2\/categories?post=1849"},{"taxonomy":"post_tag","embeddable":true,"href":"https:\/\/particuliers.citemomes.fr\/index.php\/wp-json\/wp\/v2\/tags?post=1849"}],"curies":[{"name":"wp","href":"https:\/\/api.w.org\/{rel}","templated":true}]}}