{"id":2345,"date":"2020-05-14T09:58:13","date_gmt":"2020-05-14T07:58:13","guid":{"rendered":"http:\/\/citemomes.fr\/?p=2345"},"modified":"2021-04-13T15:51:03","modified_gmt":"2021-04-13T13:51:03","slug":"votre-bilan-de-a-a-z","status":"publish","type":"post","link":"https:\/\/particuliers.citemomes.fr\/index.php\/2020\/05\/14\/votre-bilan-de-a-a-z\/","title":{"rendered":"Votre bilan&#8230; De A \u00e0 Z !"},"content":{"rendered":"<p style=\"text-align: center;\"><span style=\"color: #000000;\">Dans le cadre de notre\u00a0projet labellis\u00e9 Normandie Impressionniste 2020, &#8220;<span style=\"color: #008080;\"><a style=\"color: #008080;\" href=\"http:\/\/impressionsoleilcouleurs.com\"><strong>Impression Soleil Couleurs<\/strong><\/a><\/span>&#8220;, nous vous avons propos\u00e9, ces derni\u00e8res semaines sur nos r\u00e9seaux, des challenges photos quotidiens autour des 24 lettres de l&#8217;alphabet. \u00c0 chaque jour sa lettre, son inspiration, son ressenti&#8230; Son impression ! Nous remercions par ailleurs toutes les personnes nous ayant envoy\u00e9 des photos et qui continuent \u00e0 nous en faire parvenir chaque jour.<\/span><\/p>\n<p style=\"text-align: center;\"><span style=\"color: #000000;\">Fortement inspir\u00e9s par cet alphabet de lettres, de couleurs et d&#8217;infinit\u00e9s, notre \u00e9quipe vous a concoct\u00e9 un petit questionnaire inspir\u00e9 de l&#8217;ab\u00e9c\u00e9daire. <strong><span style=\"color: #008080;\">Son objectif<\/span> <span style=\"color: #008080;\">?<\/span><\/strong>\u00a0Faire le bilan, seul ou en famille, de ces 50 et quelques dr\u00f4les de journ\u00e9es de confinement \u00e9coul\u00e9es. <\/span><\/p>\n<p style=\"text-align: center;\"><span style=\"color: #000000;\">Nous invitons toutes les personnes qui le souhaiteraient \u00e0 nous partager leurs r\u00e9ponses en nous les envoyant par mail \u00e0 <a href=\"mailto:associationcitemomes@gmail.com\">associationcitemomes@gmail.com<\/a>; ces derni\u00e8res pourraient nous \u00eatres fort utiles dans le cadre d&#8217;un futur projet en cours de cr\u00e9ation&#8230; \ud83d\ude09<\/span><\/p>\n<p style=\"text-align: center;\"><span style=\"color: #000000;\">En attendant, installez-vous bien confortablement, munissez-vous d&#8217;un crayon ou d&#8217;un clavier et fa\u00eetes le bilan, votre bilan&#8230; De A \u00e0 Z !\u00a0<\/span><\/p>\n<p style=\"text-align: center;\"><span style=\"color: #000000;\">Nous esp\u00e9rons que vous appr\u00e9cierez vous livrer \u00e0 ce petit exercice; n&#8217;h\u00e9sitez pas \u00e0 nous partager vos retours !<\/span><\/p>\n<p style=\"text-align: center;\"><span style=\"color: #000000;\">Dans l&#8217;attente de pouvoir vous rencontrer de nouveau, prenez soin de vous !<\/span><\/p>\n<p style=\"text-align: center;\"><span style=\"color: #000000;\">L&#8217;\u00e9quipe de <span style=\"color: #008080;\"><em><strong>Cit\u00e9m\u00f4mes<\/strong><\/em><\/span><\/span><\/p>\n<p>&nbsp;<\/p>\n<p style=\"text-align: center;\"><strong><span style=\"color: #008080;\"><span style=\"text-decoration: underline;\">Pour t\u00e9l\u00e9charger le petit bilan, cliquez ci-dessous<\/span> :\u00a0<\/span><\/strong><a href=\"http:\/\/citemomes.fr\/wp-content\/uploads\/2020\/05\/bilan_ab\u00e9c\u00e9daire_confin\u00e9.pdf\"><img fetchpriority=\"high\" decoding=\"async\" class=\"alignnone size-full wp-image-2346\" src=\"http:\/\/citemomes.fr\/wp-content\/uploads\/2020\/05\/Capture-d\u2019\u00e9cran-2020-05-14-\u00e0-10.55.33.png\" alt=\"\" width=\"1886\" height=\"1246\" \/><\/a><\/p>\n<p style=\"text-align: center;\"><a style=\"color: #000000;\" href=\"https:\/\/www.facebook.com\/citemomes\/\"><img decoding=\"async\" class=\"alignnone wp-image-2021\" src=\"http:\/\/citemomes.fr\/wp-content\/uploads\/2020\/03\/Capture-d\u2019\u00e9cran-2020-03-26-\u00e0-21.41.46.png\" sizes=\"(max-width: 48px) 100vw, 48px\" srcset=\"http:\/\/citemomes.fr\/wp-content\/uploads\/2020\/03\/Capture-d\u2019\u00e9cran-2020-03-26-\u00e0-21.41.46.png 1176w, http:\/\/citemomes.fr\/wp-content\/uploads\/2020\/03\/Capture-d\u2019\u00e9cran-2020-03-26-\u00e0-21.41.46-300x288.png 300w, http:\/\/citemomes.fr\/wp-content\/uploads\/2020\/03\/Capture-d\u2019\u00e9cran-2020-03-26-\u00e0-21.41.46-768x737.png 768w, http:\/\/citemomes.fr\/wp-content\/uploads\/2020\/03\/Capture-d\u2019\u00e9cran-2020-03-26-\u00e0-21.41.46-1024x982.png 1024w, http:\/\/citemomes.fr\/wp-content\/uploads\/2020\/03\/Capture-d\u2019\u00e9cran-2020-03-26-\u00e0-21.41.46-643x617.png 643w\" alt=\"\" width=\"48\" height=\"46\" \/><\/a><em><strong><a style=\"color: #000000;\" href=\"https:\/\/www.instagram.com\/citemomes\/\"><img decoding=\"async\" class=\"alignnone wp-image-2023\" src=\"http:\/\/citemomes.fr\/wp-content\/uploads\/2020\/03\/Capture-d\u2019\u00e9cran-2020-03-26-\u00e0-21.42.25.png\" sizes=\"(max-width: 46px) 100vw, 46px\" srcset=\"http:\/\/citemomes.fr\/wp-content\/uploads\/2020\/03\/Capture-d\u2019\u00e9cran-2020-03-26-\u00e0-21.42.25.png 1462w, http:\/\/citemomes.fr\/wp-content\/uploads\/2020\/03\/Capture-d\u2019\u00e9cran-2020-03-26-\u00e0-21.42.25-150x150.png 150w, http:\/\/citemomes.fr\/wp-content\/uploads\/2020\/03\/Capture-d\u2019\u00e9cran-2020-03-26-\u00e0-21.42.25-297x300.png 297w, http:\/\/citemomes.fr\/wp-content\/uploads\/2020\/03\/Capture-d\u2019\u00e9cran-2020-03-26-\u00e0-21.42.25-768x776.png 768w, http:\/\/citemomes.fr\/wp-content\/uploads\/2020\/03\/Capture-d\u2019\u00e9cran-2020-03-26-\u00e0-21.42.25-1013x1024.png 1013w, http:\/\/citemomes.fr\/wp-content\/uploads\/2020\/03\/Capture-d\u2019\u00e9cran-2020-03-26-\u00e0-21.42.25-200x200.png 200w, http:\/\/citemomes.fr\/wp-content\/uploads\/2020\/03\/Capture-d\u2019\u00e9cran-2020-03-26-\u00e0-21.42.25-643x650.png 643w, http:\/\/citemomes.fr\/wp-content\/uploads\/2020\/03\/Capture-d\u2019\u00e9cran-2020-03-26-\u00e0-21.42.25-75x75.png 75w\" alt=\"\" width=\"46\" height=\"47\" \/><\/a><a style=\"color: #000000;\" href=\"https:\/\/twitter.com\/Citemomes\"><img loading=\"lazy\" decoding=\"async\" class=\"alignnone wp-image-2024\" src=\"http:\/\/citemomes.fr\/wp-content\/uploads\/2020\/03\/Capture-d\u2019\u00e9cran-2020-03-26-\u00e0-21.44.36.png\" sizes=\"(max-width: 50px) 100vw, 50px\" srcset=\"http:\/\/citemomes.fr\/wp-content\/uploads\/2020\/03\/Capture-d\u2019\u00e9cran-2020-03-26-\u00e0-21.44.36.png 552w, http:\/\/citemomes.fr\/wp-content\/uploads\/2020\/03\/Capture-d\u2019\u00e9cran-2020-03-26-\u00e0-21.44.36-300x261.png 300w\" alt=\"\" width=\"50\" height=\"44\" \/><img loading=\"lazy\" decoding=\"async\" class=\"alignnone wp-image-2049\" src=\"http:\/\/citemomes.fr\/wp-content\/uploads\/2016\/01\/Capture-d\u2019\u00e9cran-2020-03-26-\u00e0-22.43.35.png\" sizes=\"(max-width: 44px) 100vw, 44px\" srcset=\"http:\/\/citemomes.fr\/wp-content\/uploads\/2016\/01\/Capture-d\u2019\u00e9cran-2020-03-26-\u00e0-22.43.35.png 1024w, http:\/\/citemomes.fr\/wp-content\/uploads\/2016\/01\/Capture-d\u2019\u00e9cran-2020-03-26-\u00e0-22.43.35-287x300.png 287w, http:\/\/citemomes.fr\/wp-content\/uploads\/2016\/01\/Capture-d\u2019\u00e9cran-2020-03-26-\u00e0-22.43.35-768x804.png 768w, http:\/\/citemomes.fr\/wp-content\/uploads\/2016\/01\/Capture-d\u2019\u00e9cran-2020-03-26-\u00e0-22.43.35-978x1024.png 978w, http:\/\/citemomes.fr\/wp-content\/uploads\/2016\/01\/Capture-d\u2019\u00e9cran-2020-03-26-\u00e0-22.43.35-643x673.png 643w\" alt=\"\" width=\"44\" height=\"46\" \/><\/a><\/strong><\/em><\/p>\n<h3 style=\"text-align: center;\"><span style=\"color: #008080;\">\u2665<\/span><\/h3>\n","protected":false},"excerpt":{"rendered":"<p>Dans le cadre de notre\u00a0projet labellis\u00e9 Normandie Impressionniste 2020, &#8220;Impression Soleil Couleurs&#8220;, nous vous avons propos\u00e9, ces derni\u00e8res semaines sur nos r\u00e9seaux, des challenges photos quotidiens autour des 24 lettres de l&#8217;alphabet. \u00c0 chaque jour sa lettre, son inspiration, son ressenti&#8230; Son impression ! Nous remercions par ailleurs toutes les personnes nous ayant envoy\u00e9 des&hellip; <a href=\"https:\/\/particuliers.citemomes.fr\/index.php\/2020\/05\/14\/votre-bilan-de-a-a-z\/\" class=\"more-link\">Lire la suite <span class=\"screen-reader-text\">Votre bilan&#8230; De A \u00e0 Z !<\/span><\/a><\/p>\n","protected":false},"author":1,"featured_media":0,"comment_status":"open","ping_status":"open","sticky":false,"template":"","format":"standard","meta":[],"categories":[167],"tags":[21,25,36,47,52,77,110],"yoast_head":"<!-- This site is optimized with the Yoast SEO plugin v20.0 - https:\/\/yoast.com\/wordpress\/plugins\/seo\/ -->\n<title>Votre bilan... De A \u00e0 Z ! -<\/title>\n<meta name=\"robots\" content=\"index, follow, max-snippet:-1, max-image-preview:large, max-video-preview:-1\" \/>\n<link rel=\"canonical\" href=\"https:\/\/particuliers.citemomes.fr\/index.php\/2020\/05\/14\/votre-bilan-de-a-a-z\/\" \/>\n<meta property=\"og:locale\" content=\"fr_FR\" \/>\n<meta property=\"og:type\" content=\"article\" \/>\n<meta property=\"og:title\" content=\"Votre bilan... De A \u00e0 Z ! -\" \/>\n<meta property=\"og:description\" content=\"Dans le cadre de notre\u00a0projet labellis\u00e9 Normandie Impressionniste 2020, &#8220;Impression Soleil Couleurs&#8220;, nous vous avons propos\u00e9, ces derni\u00e8res semaines sur nos r\u00e9seaux, des challenges photos quotidiens autour des 24 lettres de l&#8217;alphabet. \u00c0 chaque jour sa lettre, son inspiration, son ressenti&#8230; Son impression ! Nous remercions par ailleurs toutes les personnes nous ayant envoy\u00e9 des&hellip; Lire la suite Votre bilan&#8230; De A \u00e0 Z !\" \/>\n<meta property=\"og:url\" content=\"https:\/\/particuliers.citemomes.fr\/index.php\/2020\/05\/14\/votre-bilan-de-a-a-z\/\" \/>\n<meta property=\"article:published_time\" content=\"2020-05-14T07:58:13+00:00\" \/>\n<meta property=\"article:modified_time\" content=\"2021-04-13T13:51:03+00:00\" \/>\n<meta name=\"author\" content=\"admin\" \/>\n<meta name=\"twitter:card\" content=\"summary_large_image\" \/>\n<meta name=\"twitter:label1\" content=\"\u00c9crit par\" \/>\n\t<meta name=\"twitter:data1\" content=\"admin\" \/>\n\t<meta name=\"twitter:label2\" content=\"Dur\u00e9e de lecture estim\u00e9e\" \/>\n\t<meta name=\"twitter:data2\" content=\"1 minute\" \/>\n<script type=\"application\/ld+json\" class=\"yoast-schema-graph\">{\"@context\":\"https:\/\/schema.org\",\"@graph\":[{\"@type\":\"WebPage\",\"@id\":\"https:\/\/particuliers.citemomes.fr\/index.php\/2020\/05\/14\/votre-bilan-de-a-a-z\/\",\"url\":\"https:\/\/particuliers.citemomes.fr\/index.php\/2020\/05\/14\/votre-bilan-de-a-a-z\/\",\"name\":\"Votre bilan... De A \u00e0 Z ! -\",\"isPartOf\":{\"@id\":\"http:\/\/particuliers.citemomes.fr\/#website\"},\"datePublished\":\"2020-05-14T07:58:13+00:00\",\"dateModified\":\"2021-04-13T13:51:03+00:00\",\"author\":{\"@id\":\"http:\/\/particuliers.citemomes.fr\/#\/schema\/person\/b7d2d1ef56f27deb2049e29950fb75f7\"},\"breadcrumb\":{\"@id\":\"https:\/\/particuliers.citemomes.fr\/index.php\/2020\/05\/14\/votre-bilan-de-a-a-z\/#breadcrumb\"},\"inLanguage\":\"fr-FR\",\"potentialAction\":[{\"@type\":\"ReadAction\",\"target\":[\"https:\/\/particuliers.citemomes.fr\/index.php\/2020\/05\/14\/votre-bilan-de-a-a-z\/\"]}]},{\"@type\":\"BreadcrumbList\",\"@id\":\"https:\/\/particuliers.citemomes.fr\/index.php\/2020\/05\/14\/votre-bilan-de-a-a-z\/#breadcrumb\",\"itemListElement\":[{\"@type\":\"ListItem\",\"position\":1,\"name\":\"Accueil\",\"item\":\"https:\/\/particuliers.citemomes.fr\/\"},{\"@type\":\"ListItem\",\"position\":2,\"name\":\"Votre bilan&#8230; De A \u00e0 Z !\"}]},{\"@type\":\"WebSite\",\"@id\":\"http:\/\/particuliers.citemomes.fr\/#website\",\"url\":\"http:\/\/particuliers.citemomes.fr\/\",\"name\":\"\",\"description\":\"D\u00e9couvrir, cr\u00e9er, r\u00eaver !\",\"potentialAction\":[{\"@type\":\"SearchAction\",\"target\":{\"@type\":\"EntryPoint\",\"urlTemplate\":\"http:\/\/particuliers.citemomes.fr\/?s={search_term_string}\"},\"query-input\":\"required name=search_term_string\"}],\"inLanguage\":\"fr-FR\"},{\"@type\":\"Person\",\"@id\":\"http:\/\/particuliers.citemomes.fr\/#\/schema\/person\/b7d2d1ef56f27deb2049e29950fb75f7\",\"name\":\"admin\",\"image\":{\"@type\":\"ImageObject\",\"inLanguage\":\"fr-FR\",\"@id\":\"http:\/\/particuliers.citemomes.fr\/#\/schema\/person\/image\/\",\"url\":\"https:\/\/secure.gravatar.com\/avatar\/2a31050660754423bc44e2e1ec39bd92?s=96&d=mm&r=g\",\"contentUrl\":\"https:\/\/secure.gravatar.com\/avatar\/2a31050660754423bc44e2e1ec39bd92?s=96&d=mm&r=g\",\"caption\":\"admin\"},\"url\":\"https:\/\/particuliers.citemomes.fr\/index.php\/author\/admin\/\"}]}<\/script>\n<!-- \/ Yoast SEO plugin. -->","yoast_head_json":{"title":"Votre bilan... De A \u00e0 Z ! -","robots":{"index":"index","follow":"follow","max-snippet":"max-snippet:-1","max-image-preview":"max-image-preview:large","max-video-preview":"max-video-preview:-1"},"canonical":"https:\/\/particuliers.citemomes.fr\/index.php\/2020\/05\/14\/votre-bilan-de-a-a-z\/","og_locale":"fr_FR","og_type":"article","og_title":"Votre bilan... De A \u00e0 Z ! -","og_description":"Dans le cadre de notre\u00a0projet labellis\u00e9 Normandie Impressionniste 2020, &#8220;Impression Soleil Couleurs&#8220;, nous vous avons propos\u00e9, ces derni\u00e8res semaines sur nos r\u00e9seaux, des challenges photos quotidiens autour des 24 lettres de l&#8217;alphabet. \u00c0 chaque jour sa lettre, son inspiration, son ressenti&#8230; Son impression ! Nous remercions par ailleurs toutes les personnes nous ayant envoy\u00e9 des&hellip; Lire la suite Votre bilan&#8230; De A \u00e0 Z !","og_url":"https:\/\/particuliers.citemomes.fr\/index.php\/2020\/05\/14\/votre-bilan-de-a-a-z\/","article_published_time":"2020-05-14T07:58:13+00:00","article_modified_time":"2021-04-13T13:51:03+00:00","author":"admin","twitter_card":"summary_large_image","twitter_misc":{"\u00c9crit par":"admin","Dur\u00e9e de lecture estim\u00e9e":"1 minute"},"schema":{"@context":"https:\/\/schema.org","@graph":[{"@type":"WebPage","@id":"https:\/\/particuliers.citemomes.fr\/index.php\/2020\/05\/14\/votre-bilan-de-a-a-z\/","url":"https:\/\/particuliers.citemomes.fr\/index.php\/2020\/05\/14\/votre-bilan-de-a-a-z\/","name":"Votre bilan... De A \u00e0 Z ! -","isPartOf":{"@id":"http:\/\/particuliers.citemomes.fr\/#website"},"datePublished":"2020-05-14T07:58:13+00:00","dateModified":"2021-04-13T13:51:03+00:00","author":{"@id":"http:\/\/particuliers.citemomes.fr\/#\/schema\/person\/b7d2d1ef56f27deb2049e29950fb75f7"},"breadcrumb":{"@id":"https:\/\/particuliers.citemomes.fr\/index.php\/2020\/05\/14\/votre-bilan-de-a-a-z\/#breadcrumb"},"inLanguage":"fr-FR","potentialAction":[{"@type":"ReadAction","target":["https:\/\/particuliers.citemomes.fr\/index.php\/2020\/05\/14\/votre-bilan-de-a-a-z\/"]}]},{"@type":"BreadcrumbList","@id":"https:\/\/particuliers.citemomes.fr\/index.php\/2020\/05\/14\/votre-bilan-de-a-a-z\/#breadcrumb","itemListElement":[{"@type":"ListItem","position":1,"name":"Accueil","item":"https:\/\/particuliers.citemomes.fr\/"},{"@type":"ListItem","position":2,"name":"Votre bilan&#8230; De A \u00e0 Z !"}]},{"@type":"WebSite","@id":"http:\/\/particuliers.citemomes.fr\/#website","url":"http:\/\/particuliers.citemomes.fr\/","name":"","description":"D\u00e9couvrir, cr\u00e9er, r\u00eaver !","potentialAction":[{"@type":"SearchAction","target":{"@type":"EntryPoint","urlTemplate":"http:\/\/particuliers.citemomes.fr\/?s={search_term_string}"},"query-input":"required name=search_term_string"}],"inLanguage":"fr-FR"},{"@type":"Person","@id":"http:\/\/particuliers.citemomes.fr\/#\/schema\/person\/b7d2d1ef56f27deb2049e29950fb75f7","name":"admin","image":{"@type":"ImageObject","inLanguage":"fr-FR","@id":"http:\/\/particuliers.citemomes.fr\/#\/schema\/person\/image\/","url":"https:\/\/secure.gravatar.com\/avatar\/2a31050660754423bc44e2e1ec39bd92?s=96&d=mm&r=g","contentUrl":"https:\/\/secure.gravatar.com\/avatar\/2a31050660754423bc44e2e1ec39bd92?s=96&d=mm&r=g","caption":"admin"},"url":"https:\/\/particuliers.citemomes.fr\/index.php\/author\/admin\/"}]}},"_links":{"self":[{"href":"https:\/\/particuliers.citemomes.fr\/index.php\/wp-json\/wp\/v2\/posts\/2345"}],"collection":[{"href":"https:\/\/particuliers.citemomes.fr\/index.php\/wp-json\/wp\/v2\/posts"}],"about":[{"href":"https:\/\/particuliers.citemomes.fr\/index.php\/wp-json\/wp\/v2\/types\/post"}],"author":[{"embeddable":true,"href":"https:\/\/particuliers.citemomes.fr\/index.php\/wp-json\/wp\/v2\/users\/1"}],"replies":[{"embeddable":true,"href":"https:\/\/particuliers.citemomes.fr\/index.php\/wp-json\/wp\/v2\/comments?post=2345"}],"version-history":[{"count":1,"href":"https:\/\/particuliers.citemomes.fr\/index.php\/wp-json\/wp\/v2\/posts\/2345\/revisions"}],"predecessor-version":[{"id":3442,"href":"https:\/\/particuliers.citemomes.fr\/index.php\/wp-json\/wp\/v2\/posts\/2345\/revisions\/3442"}],"wp:attachment":[{"href":"https:\/\/particuliers.citemomes.fr\/index.php\/wp-json\/wp\/v2\/media?parent=2345"}],"wp:term":[{"taxonomy":"category","embeddable":true,"href":"https:\/\/particuliers.citemomes.fr\/index.php\/wp-json\/wp\/v2\/categories?post=2345"},{"taxonomy":"post_tag","embeddable":true,"href":"https:\/\/particuliers.citemomes.fr\/index.php\/wp-json\/wp\/v2\/tags?post=2345"}],"curies":[{"name":"wp","href":"https:\/\/api.w.org\/{rel}","templated":true}]}}