{"id":2426,"date":"2020-06-05T09:44:36","date_gmt":"2020-06-05T07:44:36","guid":{"rendered":"http:\/\/citemomes.fr\/?p=2426"},"modified":"2021-04-13T15:49:01","modified_gmt":"2021-04-13T13:49:01","slug":"des-petits-eco-gestes-pour-la-journee-mondiale-de-lenvironnement","status":"publish","type":"post","link":"https:\/\/particuliers.citemomes.fr\/index.php\/2020\/06\/05\/des-petits-eco-gestes-pour-la-journee-mondiale-de-lenvironnement\/","title":{"rendered":"Des petits \u00e9co-gestes pour la Journ\u00e9e Mondiale de l&#8217;Environnement !"},"content":{"rendered":"<div class=\"page\" title=\"Page 4\">\n<div class=\"section\">\n<div class=\"layoutArea\">\n<div class=\"column\">\n<p style=\"text-align: center;\"><span style=\"color: #000000;\"><em>Peut-\u00eatre le saviez-vous d\u00e9j\u00e0 mais chez <strong>Cit\u00e9m\u00f4mes<\/strong>, la r\u00e9cup\u2019 est \u00e0 l\u2019honneur !<\/em><\/span><br \/>\n<span style=\"color: #000000;\"> <em>Dans l\u2019optique d\u2019encourager le d\u00e9veloppement d\u2019une consommation durable des ressources disponibles sans en cr\u00e9er de nouvelles, les d\u00e9chets des autres deviennent souvent nos tr\u00e9sors&#8230;\u00a0Que ce soit dans nos locaux ou lors de manifestations ext\u00e9rieures,\u00a0nous appliquons ainsi tr\u00e8s souvent les principes de Lavoisier \u00ab Rien ne se perd, rien ne se cr\u00e9e, tout se transforme. \u00bb <\/em><\/span><\/p>\n<p style=\"text-align: center;\"><span style=\"color: #000000;\"><em>Nous jetons tr\u00e8s peu et nous r\u00e9cup\u00e9rons \u00e9norm\u00e9ment de mati\u00e8re premi\u00e8re, soit par des apports volontaires, soit\u00a0aupr\u00e8s de nos\u00a0partenaires, soit en r\u00e9cup\u00e9rant des &#8220;d\u00e9chets&#8221; lors de manifestations diverses auxquelles nous participons.<\/em>\u00a0<\/span><\/p>\n<p style=\"text-align: center;\"><span style=\"color: #000000;\"><i>Notre\u00a0\u00e9quipe organise ensuite un stockage simple et efficace pour pouvoir facilement\u00a0r\u00e9utiliser ces &#8220;d\u00e9chets&#8221;<\/i>\u00a0<em>et leur offrir\u00a0une (tr\u00e8s) chouette seconde vie !<\/em><\/span><\/p>\n<p style=\"text-align: center;\"><img fetchpriority=\"high\" decoding=\"async\" class=\"alignnone wp-image-2430 size-full\" src=\"http:\/\/citemomes.fr\/wp-content\/uploads\/2020\/06\/unnamed-e1591347003529.jpg\" alt=\"\" width=\"336\" height=\"206\" \/><\/p>\n<\/div>\n<\/div>\n<\/div>\n<\/div>\n<p class=\"has-text-align-center\"><span style=\"color: #808000;\"><em><strong><span style=\"text-decoration: underline;\">Le 5 juin 2020, la \u00a0journ\u00e9e mondiale de l&#8217;environnement<\/span> :\u00a0<\/strong><\/em><\/span><\/p>\n<p class=\"has-text-align-center\"><span style=\"color: #000000;\">La Journ\u00e9e mondiale de l\u2019environnement est la journ\u00e9e la plus c\u00e9l\u00e8bre de l\u2019action environnementale. Depuis 1974, elle est c\u00e9l\u00e9br\u00e9e chaque ann\u00e9e le 5 juin. Elle encourage les gouvernements, les entreprises, les c\u00e9l\u00e9brit\u00e9s et les citoyens \u00e0 concentrer leurs efforts sur un probl\u00e8me environnemental urgent.<\/span><\/p>\n<p><span lang=\"fr-FR\" style=\"color: #000000;\" xml:lang=\"fr-FR\">En cette ann\u00e9e 2020, le th\u00e8me choisi est la <strong>biodiversit\u00e9<\/strong>, une source de pr\u00e9occupation \u00e0 la fois urgente et existentielle. Les \u00e9v\u00e9nements r\u00e9cents comme les feux de brousse au Br\u00e9sil, aux \u00c9tats-Unis et en Australie ou les infestations de criquets en Afrique de l\u2019Est, et maintenant, une pand\u00e9mie mondiale, d\u00e9montrent l\u2019interd\u00e9pendance des \u00eatres humains et des r\u00e9seaux de vie dans lesquels ils vivent. La nature nous envoie un message qui nous concerne tous !<\/span><\/p>\n<p><span lang=\"fr-FR\" style=\"color: #000000;\" xml:lang=\"fr-FR\">Par-dessus tout, la journ\u00e9e mondiale de l\u2019environnement est une plate-forme mondiale visant \u00e0 susciter des <strong>changements positifs<\/strong>. Un changement mondial n\u00e9cessite une communaut\u00e9 mondiale. La journ\u00e9e a pour but d\u2019inciter les individus \u00e0 r\u00e9fl\u00e9chir \u00e0 leur mode de consommation, les entreprises \u00e0 d\u00e9velopper des mod\u00e8les plus \u00e9cologiques, les agriculteurs et les fabricants \u00e0 produire de mani\u00e8re plus durable, les gouvernements \u00e0 sauvegarder les espaces sauvages, les \u00e9ducateurs \u00e0 inciter les \u00e9l\u00e8ves \u00e0 vivre en harmonie avec la Terre et les jeunes \u00e0 devenir les fervents gardiens d&#8217;un avenir vert.\u00a0<\/span><\/p>\n<p><span style=\"color: #808000;\"><em><strong><span style=\"text-decoration: underline;\">Les bonnes habitudes du confinement<\/span>\u00a0:\u00a0<\/strong><\/em><\/span><\/p>\n<p class=\"has-text-align-center\"><span style=\"color: #000000;\">Durant le confinement, nombreux sont ceux qui semblent s&#8217;\u00eatre &#8220;mis au vert&#8221; et avoir adopt\u00e9 de nouvelles habitudes en faveur de la plan\u00e8te.<\/span><\/p>\n<p class=\"has-text-align-center\"><span style=\"color: #000000;\">Cette semaine \u00e9coul\u00e9e aurait \u00e9galement d\u00fb se tenir la Semaine Europ\u00e9enne du D\u00e9veloppement Durable, comme chaque ann\u00e9e, du 30 mai au 05 juin. En raison de la situation sanitaire, les manifestations sont report\u00e9es du 18 septembre au 08 octobre 2020 !\u00a0Durant la &#8220;SEDD&#8221;, plusieurs types de manifestation ont lieu comme des conf\u00e9rences, des expositions, des activit\u00e9s associatives, des projets d\u2019\u00e9ducation\u2026 Dans quel but ? Sensibiliser les citoyens et diff\u00e9rents acteurs aux Objectifs de D\u00e9veloppement Durable, fix\u00e9s par les \u00c9tats membres des Nations Unis, afin d\u2019\u00e9radiquer la pauvret\u00e9, de prot\u00e9ger la plan\u00e8te et de garantir la prosp\u00e9rit\u00e9 pour tous.<\/span><\/p>\n<p class=\"has-text-align-center\"><span style=\"color: #ffffff;\">ii<\/span><\/p>\n<p class=\"has-text-align-center\"><img decoding=\"async\" class=\"size-full wp-image-2427 aligncenter\" src=\"http:\/\/citemomes.fr\/wp-content\/uploads\/2020\/06\/ecogestes.jpg\" alt=\"\" width=\"679\" height=\"960\" \/><\/p>\n<p class=\"has-text-align-center\" style=\"text-align: center;\"><span style=\"color: #000000;\"><em><strong>Et vous, avez-vous adopt\u00e9 certaines de ces habitudes durant le confinement ?<\/strong><\/em><\/span><\/p>\n<p class=\"has-text-align-center\" style=\"text-align: center;\"><span style=\"color: #000000;\">jj<\/span><\/p>\n<p class=\"has-text-align-center\"><span style=\"color: #808000;\"><span style=\"text-decoration: underline;\"><em><strong>Vos bonnes\u00a0habitudes<\/strong><\/em><\/span><em><strong>\u00a0:<\/strong><\/em><\/span><\/p>\n<p class=\"has-text-align-center\"><span style=\"color: #000000;\">Dans le cadre de notre projet &#8220;<strong><a style=\"color: #000000;\" href=\"https:\/\/impressionsoleilcouleurs.com\/\">Impression Soleil Couleurs<\/a><\/strong>&#8220;, labellis\u00e9 par le Festival Normandie Impressionniste, nous avons lanc\u00e9, fin mai,\u00a0notre d\u00e9fi-photo &#8220;\u00c9co-gestes&#8221;. L&#8217;objectif ? Photographier vos petits \u00e9co-gestes puis nous les envoyer accompagn\u00e9s d&#8217;une impression. Voici ci-dessous une s\u00e9lection de vos petits \u00e9co-gestes ! \ud83d\ude42<\/span><\/p>\n<p class=\"has-text-align-center\"><span style=\"color: #ffffff;\">jj<\/span><\/p>\n<p class=\"has-text-align-center\"><img decoding=\"async\" class=\"size-full wp-image-2433 aligncenter\" src=\"http:\/\/citemomes.fr\/wp-content\/uploads\/2020\/06\/Capture-d\u2019e\u0301cran-2020-06-05-a\u0300-10.21.59.png\" alt=\"\" width=\"1306\" height=\"1302\" \/><\/p>\n<p class=\"has-text-align-center\"><span style=\"color: #ffffff;\">gggg<\/span><\/p>\n<p class=\"has-text-align-center\"><span style=\"color: #000000;\"><span style=\"color: #808000;\"><strong>1 &#8211;<\/strong> <\/span>&#8220;Mon petit pot \u00e0 compost&#8221;, M. 36, Rouen<\/span><\/p>\n<p class=\"has-text-align-center\"><span style=\"color: #000000;\"><strong><span style=\"color: #808000;\">2 &#8211;<\/span>\u00a0<\/strong> &#8220;Earth, running is great way to relive stressing clear the mind&#8230; joan van ark&#8221; Maha, 55, Long Island New-York<\/span><\/p>\n<p class=\"has-text-align-center\"><span style=\"color: #000000;\"><span style=\"color: #808000;\"><strong>3 &#8211;<\/strong> <\/span>&#8220;Vive le v\u00e9lo !&#8221;, M., 36, Rouen<\/span><\/p>\n<p class=\"has-text-align-center\"><span style=\"color: #000000;\"><span style=\"color: #808000;\"><strong>4 &#8211;<\/strong><\/span> &#8220;Utiliser des bocaux pour stocker&#8221;, M., 36, Rouen<\/span><\/p>\n<p class=\"has-text-align-center\"><span style=\"color: #000000;\"><span style=\"color: #808000;\"><strong>5 &#8211;<\/strong><\/span> &#8220;Privil\u00e9gier le vrac&#8221;, E., 25, Rouen<\/span><\/p>\n<p class=\"has-text-align-center\"><span style=\"color: #000000;\"><span style=\"color: #808000;\"><strong>6 &#8211;<\/strong><\/span> &#8220;Mayonnaise maison&#8221;, M., 36, Rouen<\/span><\/p>\n<p class=\"has-text-align-center\"><span style=\"color: #000000;\"><span style=\"color: #808000;\"><strong>7 &#8211;<\/strong> <\/span>&#8220;Acheter ses oeufs \u00e0 la ferme d&#8217;\u00e0 c\u00f4t\u00e9 ou au march\u00e9&#8221;, M., 36, Rouen<\/span><\/p>\n<p class=\"has-text-align-center\"><span style=\"color: #000000;\"><span style=\"color: #808000;\"><strong>8 &#8211;<\/strong><\/span> &#8220;Jeter tous ses d\u00e9chets verts au compost&#8221;, E., 25, Rouen<\/span><\/p>\n<p class=\"has-text-align-center\"><span style=\"color: #000000;\"><span style=\"color: #808000;\"><strong>9 &#8211;<\/strong>\u00a0<\/span>&#8220;Mes lingettes d\u00e9maquillantes&#8221;, Isabelle, 49, Evreux<\/span><\/p>\n<p class=\"has-text-align-center\"><span style=\"color: #000000;\"><span style=\"color: #808000;\"><strong>10 &#8211;<\/strong><\/span> &#8220;Une seconde vie pour cette veste qui trouvera bient\u00f4t de nouvelles \u00e9paules \u00e0 couvrir&#8221;, Ana\u00efs, 22, Rouen<\/span><\/p>\n<p class=\"has-text-align-center\"><span style=\"color: #000000;\"><span style=\"color: #808000;\"><strong>11 &#8211;<\/strong><\/span> &#8220;Capuchons pour bols ou bo\u00eetes de conserves entam\u00e9es&#8221;, Mathilde, 36, Rouen<\/span><\/p>\n<p class=\"has-text-align-center\"><span style=\"color: #000000;\"><span style=\"color: #808000;\"><strong>12 &#8211;\u00a0<\/strong><\/span>&#8220;Feutre mort qui n\u2019ira pas \u00e0 la poubelle mais au cimeti\u00e8re des feutres, l\u00e0 o\u00f9 les feutres attendent de d\u00e9buter leurs secondes vies\u201d, Ana\u00efs, 22, Rouen<\/span><\/p>\n<p class=\"has-text-align-center\"><span style=\"color: #000000;\"><span style=\"color: #808000;\"><strong>13 &#8211;<\/strong><\/span>\u00a0&#8220;Garder les restes au frigo&#8221;, Mathilde, 36, Rouen<\/span><\/p>\n<p class=\"has-text-align-center\"><span style=\"color: #000000;\"><strong><span style=\"color: #808000;\">14 &#8211;<\/span>\u00a0<\/strong>&#8220;Liquide vaisselle maison&#8221;, Mathilde, 36, Rouen<\/span><\/p>\n<p class=\"has-text-align-center\"><span style=\"color: #000000;\"><span style=\"color: #808000;\"><strong>15 &#8211;<\/strong> <\/span>&#8220;Petite contribution&#8221;, Nico, 23, Rouen.<\/span><\/p>\n<p class=\"has-text-align-center\"><span style=\"color: #000000;\"><span style=\"color: #808000;\"><strong>16 &#8211;<\/strong><\/span> &#8220;Cueillir les fraises du jardin&#8221;, M., 36, Saint-Martin-du-Vivier<\/span><\/p>\n<p class=\"has-text-align-center\"><span style=\"color: #ffffff;\">hhh<\/span><\/p>\n<p class=\"has-text-align-center\" style=\"text-align: center;\"><span style=\"color: #000000;\">Et maintenant, partagez-nous vos petits \u00e9co-gestes en commentaires ! Pour participer \u00e0 nos challenges photos hebdomadaires, rendez-vous sur <strong><span style=\"color: #808000;\"><a style=\"color: #808000;\" href=\"https:\/\/impressionsoleilcouleurs.com\/\">Impression Soleil Couleurs<\/a><\/span><\/strong>.<\/span><\/p>\n<p class=\"has-text-align-center\" style=\"text-align: center;\"><span style=\"color: #ffffff;\">uu<\/span><\/p>\n<p style=\"text-align: center;\"><span style=\"color: #000000;\"><a style=\"color: #000000;\" href=\"https:\/\/www.facebook.com\/citemomes\/\"><img loading=\"lazy\" decoding=\"async\" class=\"alignnone wp-image-2021\" src=\"http:\/\/citemomes.fr\/wp-content\/uploads\/2020\/03\/Capture-d\u2019\u00e9cran-2020-03-26-\u00e0-21.41.46.png\" sizes=\"(max-width: 48px) 100vw, 48px\" srcset=\"http:\/\/citemomes.fr\/wp-content\/uploads\/2020\/03\/Capture-d\u2019\u00e9cran-2020-03-26-\u00e0-21.41.46.png 1176w, http:\/\/citemomes.fr\/wp-content\/uploads\/2020\/03\/Capture-d\u2019\u00e9cran-2020-03-26-\u00e0-21.41.46-300x288.png 300w, http:\/\/citemomes.fr\/wp-content\/uploads\/2020\/03\/Capture-d\u2019\u00e9cran-2020-03-26-\u00e0-21.41.46-768x737.png 768w, http:\/\/citemomes.fr\/wp-content\/uploads\/2020\/03\/Capture-d\u2019\u00e9cran-2020-03-26-\u00e0-21.41.46-1024x982.png 1024w, http:\/\/citemomes.fr\/wp-content\/uploads\/2020\/03\/Capture-d\u2019\u00e9cran-2020-03-26-\u00e0-21.41.46-643x617.png 643w\" alt=\"\" width=\"48\" height=\"46\" \/><\/a><em><strong><a style=\"color: #000000;\" href=\"https:\/\/www.instagram.com\/citemomes\/\"><img loading=\"lazy\" decoding=\"async\" class=\"alignnone wp-image-2023\" src=\"http:\/\/citemomes.fr\/wp-content\/uploads\/2020\/03\/Capture-d\u2019\u00e9cran-2020-03-26-\u00e0-21.42.25.png\" sizes=\"(max-width: 46px) 100vw, 46px\" srcset=\"http:\/\/citemomes.fr\/wp-content\/uploads\/2020\/03\/Capture-d\u2019\u00e9cran-2020-03-26-\u00e0-21.42.25.png 1462w, http:\/\/citemomes.fr\/wp-content\/uploads\/2020\/03\/Capture-d\u2019\u00e9cran-2020-03-26-\u00e0-21.42.25-150x150.png 150w, http:\/\/citemomes.fr\/wp-content\/uploads\/2020\/03\/Capture-d\u2019\u00e9cran-2020-03-26-\u00e0-21.42.25-297x300.png 297w, http:\/\/citemomes.fr\/wp-content\/uploads\/2020\/03\/Capture-d\u2019\u00e9cran-2020-03-26-\u00e0-21.42.25-768x776.png 768w, http:\/\/citemomes.fr\/wp-content\/uploads\/2020\/03\/Capture-d\u2019\u00e9cran-2020-03-26-\u00e0-21.42.25-1013x1024.png 1013w, http:\/\/citemomes.fr\/wp-content\/uploads\/2020\/03\/Capture-d\u2019\u00e9cran-2020-03-26-\u00e0-21.42.25-200x200.png 200w, http:\/\/citemomes.fr\/wp-content\/uploads\/2020\/03\/Capture-d\u2019\u00e9cran-2020-03-26-\u00e0-21.42.25-643x650.png 643w, http:\/\/citemomes.fr\/wp-content\/uploads\/2020\/03\/Capture-d\u2019\u00e9cran-2020-03-26-\u00e0-21.42.25-75x75.png 75w\" alt=\"\" width=\"46\" height=\"47\" \/><\/a><a style=\"color: #000000;\" href=\"https:\/\/twitter.com\/Citemomes\"><img loading=\"lazy\" decoding=\"async\" class=\"alignnone wp-image-2024\" src=\"http:\/\/citemomes.fr\/wp-content\/uploads\/2020\/03\/Capture-d\u2019\u00e9cran-2020-03-26-\u00e0-21.44.36.png\" sizes=\"(max-width: 50px) 100vw, 50px\" srcset=\"http:\/\/citemomes.fr\/wp-content\/uploads\/2020\/03\/Capture-d\u2019\u00e9cran-2020-03-26-\u00e0-21.44.36.png 552w, http:\/\/citemomes.fr\/wp-content\/uploads\/2020\/03\/Capture-d\u2019\u00e9cran-2020-03-26-\u00e0-21.44.36-300x261.png 300w\" alt=\"\" width=\"50\" height=\"44\" \/><img loading=\"lazy\" decoding=\"async\" class=\"alignnone wp-image-2049\" src=\"http:\/\/citemomes.fr\/wp-content\/uploads\/2016\/01\/Capture-d\u2019\u00e9cran-2020-03-26-\u00e0-22.43.35.png\" sizes=\"(max-width: 44px) 100vw, 44px\" srcset=\"http:\/\/citemomes.fr\/wp-content\/uploads\/2016\/01\/Capture-d\u2019\u00e9cran-2020-03-26-\u00e0-22.43.35.png 1024w, http:\/\/citemomes.fr\/wp-content\/uploads\/2016\/01\/Capture-d\u2019\u00e9cran-2020-03-26-\u00e0-22.43.35-287x300.png 287w, http:\/\/citemomes.fr\/wp-content\/uploads\/2016\/01\/Capture-d\u2019\u00e9cran-2020-03-26-\u00e0-22.43.35-768x804.png 768w, http:\/\/citemomes.fr\/wp-content\/uploads\/2016\/01\/Capture-d\u2019\u00e9cran-2020-03-26-\u00e0-22.43.35-978x1024.png 978w, http:\/\/citemomes.fr\/wp-content\/uploads\/2016\/01\/Capture-d\u2019\u00e9cran-2020-03-26-\u00e0-22.43.35-643x673.png 643w\" alt=\"\" width=\"44\" height=\"46\" \/><\/a><\/strong><\/em><\/span><\/p>\n<h3 style=\"text-align: center;\"><span style=\"color: #008080;\">\u2665<\/span><\/h3>\n","protected":false},"excerpt":{"rendered":"<p>Peut-\u00eatre le saviez-vous d\u00e9j\u00e0 mais chez Cit\u00e9m\u00f4mes, la r\u00e9cup\u2019 est \u00e0 l\u2019honneur ! Dans l\u2019optique d\u2019encourager le d\u00e9veloppement d\u2019une consommation durable des ressources disponibles sans en cr\u00e9er de nouvelles, les d\u00e9chets des autres deviennent souvent nos tr\u00e9sors&#8230;\u00a0Que ce soit dans nos locaux ou lors de manifestations ext\u00e9rieures,\u00a0nous appliquons ainsi tr\u00e8s souvent les principes de Lavoisier&hellip; <a href=\"https:\/\/particuliers.citemomes.fr\/index.php\/2020\/06\/05\/des-petits-eco-gestes-pour-la-journee-mondiale-de-lenvironnement\/\" class=\"more-link\">Lire la suite <span class=\"screen-reader-text\">Des petits \u00e9co-gestes pour la Journ\u00e9e Mondiale de l&#8217;Environnement !<\/span><\/a><\/p>\n","protected":false},"author":1,"featured_media":0,"comment_status":"open","ping_status":"open","sticky":false,"template":"","format":"standard","meta":[],"categories":[173],"tags":[56,60,71,80,104,149],"yoast_head":"<!-- This site is optimized with the Yoast SEO plugin v20.0 - https:\/\/yoast.com\/wordpress\/plugins\/seo\/ -->\n<title>Des petits \u00e9co-gestes pour la Journ\u00e9e Mondiale de l&#039;Environnement ! -<\/title>\n<meta name=\"robots\" content=\"index, follow, max-snippet:-1, max-image-preview:large, max-video-preview:-1\" \/>\n<link rel=\"canonical\" href=\"https:\/\/particuliers.citemomes.fr\/index.php\/2020\/06\/05\/des-petits-eco-gestes-pour-la-journee-mondiale-de-lenvironnement\/\" \/>\n<meta property=\"og:locale\" content=\"fr_FR\" \/>\n<meta property=\"og:type\" content=\"article\" \/>\n<meta property=\"og:title\" content=\"Des petits \u00e9co-gestes pour la Journ\u00e9e Mondiale de l&#039;Environnement ! -\" \/>\n<meta property=\"og:description\" content=\"Peut-\u00eatre le saviez-vous d\u00e9j\u00e0 mais chez Cit\u00e9m\u00f4mes, la r\u00e9cup\u2019 est \u00e0 l\u2019honneur ! Dans l\u2019optique d\u2019encourager le d\u00e9veloppement d\u2019une consommation durable des ressources disponibles sans en cr\u00e9er de nouvelles, les d\u00e9chets des autres deviennent souvent nos tr\u00e9sors&#8230;\u00a0Que ce soit dans nos locaux ou lors de manifestations ext\u00e9rieures,\u00a0nous appliquons ainsi tr\u00e8s souvent les principes de Lavoisier&hellip; Lire la suite Des petits \u00e9co-gestes pour la Journ\u00e9e Mondiale de l&#8217;Environnement !\" \/>\n<meta property=\"og:url\" content=\"https:\/\/particuliers.citemomes.fr\/index.php\/2020\/06\/05\/des-petits-eco-gestes-pour-la-journee-mondiale-de-lenvironnement\/\" \/>\n<meta property=\"article:published_time\" content=\"2020-06-05T07:44:36+00:00\" \/>\n<meta property=\"article:modified_time\" content=\"2021-04-13T13:49:01+00:00\" \/>\n<meta property=\"og:image\" content=\"http:\/\/citemomes.fr\/wp-content\/uploads\/2020\/06\/unnamed-e1591347003529.jpg\" \/>\n<meta name=\"author\" content=\"admin\" \/>\n<meta name=\"twitter:card\" content=\"summary_large_image\" \/>\n<meta name=\"twitter:label1\" content=\"\u00c9crit par\" \/>\n\t<meta name=\"twitter:data1\" content=\"admin\" \/>\n\t<meta name=\"twitter:label2\" content=\"Dur\u00e9e de lecture estim\u00e9e\" \/>\n\t<meta name=\"twitter:data2\" content=\"4 minutes\" \/>\n<script type=\"application\/ld+json\" class=\"yoast-schema-graph\">{\"@context\":\"https:\/\/schema.org\",\"@graph\":[{\"@type\":\"WebPage\",\"@id\":\"https:\/\/particuliers.citemomes.fr\/index.php\/2020\/06\/05\/des-petits-eco-gestes-pour-la-journee-mondiale-de-lenvironnement\/\",\"url\":\"https:\/\/particuliers.citemomes.fr\/index.php\/2020\/06\/05\/des-petits-eco-gestes-pour-la-journee-mondiale-de-lenvironnement\/\",\"name\":\"Des petits \u00e9co-gestes pour la Journ\u00e9e Mondiale de l'Environnement ! -\",\"isPartOf\":{\"@id\":\"http:\/\/particuliers.citemomes.fr\/#website\"},\"datePublished\":\"2020-06-05T07:44:36+00:00\",\"dateModified\":\"2021-04-13T13:49:01+00:00\",\"author\":{\"@id\":\"http:\/\/particuliers.citemomes.fr\/#\/schema\/person\/b7d2d1ef56f27deb2049e29950fb75f7\"},\"breadcrumb\":{\"@id\":\"https:\/\/particuliers.citemomes.fr\/index.php\/2020\/06\/05\/des-petits-eco-gestes-pour-la-journee-mondiale-de-lenvironnement\/#breadcrumb\"},\"inLanguage\":\"fr-FR\",\"potentialAction\":[{\"@type\":\"ReadAction\",\"target\":[\"https:\/\/particuliers.citemomes.fr\/index.php\/2020\/06\/05\/des-petits-eco-gestes-pour-la-journee-mondiale-de-lenvironnement\/\"]}]},{\"@type\":\"BreadcrumbList\",\"@id\":\"https:\/\/particuliers.citemomes.fr\/index.php\/2020\/06\/05\/des-petits-eco-gestes-pour-la-journee-mondiale-de-lenvironnement\/#breadcrumb\",\"itemListElement\":[{\"@type\":\"ListItem\",\"position\":1,\"name\":\"Accueil\",\"item\":\"https:\/\/particuliers.citemomes.fr\/\"},{\"@type\":\"ListItem\",\"position\":2,\"name\":\"Des petits \u00e9co-gestes pour la Journ\u00e9e Mondiale de l&#8217;Environnement !\"}]},{\"@type\":\"WebSite\",\"@id\":\"http:\/\/particuliers.citemomes.fr\/#website\",\"url\":\"http:\/\/particuliers.citemomes.fr\/\",\"name\":\"\",\"description\":\"D\u00e9couvrir, cr\u00e9er, r\u00eaver !\",\"potentialAction\":[{\"@type\":\"SearchAction\",\"target\":{\"@type\":\"EntryPoint\",\"urlTemplate\":\"http:\/\/particuliers.citemomes.fr\/?s={search_term_string}\"},\"query-input\":\"required name=search_term_string\"}],\"inLanguage\":\"fr-FR\"},{\"@type\":\"Person\",\"@id\":\"http:\/\/particuliers.citemomes.fr\/#\/schema\/person\/b7d2d1ef56f27deb2049e29950fb75f7\",\"name\":\"admin\",\"image\":{\"@type\":\"ImageObject\",\"inLanguage\":\"fr-FR\",\"@id\":\"http:\/\/particuliers.citemomes.fr\/#\/schema\/person\/image\/\",\"url\":\"https:\/\/secure.gravatar.com\/avatar\/2a31050660754423bc44e2e1ec39bd92?s=96&d=mm&r=g\",\"contentUrl\":\"https:\/\/secure.gravatar.com\/avatar\/2a31050660754423bc44e2e1ec39bd92?s=96&d=mm&r=g\",\"caption\":\"admin\"},\"url\":\"https:\/\/particuliers.citemomes.fr\/index.php\/author\/admin\/\"}]}<\/script>\n<!-- \/ Yoast SEO plugin. -->","yoast_head_json":{"title":"Des petits \u00e9co-gestes pour la Journ\u00e9e Mondiale de l'Environnement ! -","robots":{"index":"index","follow":"follow","max-snippet":"max-snippet:-1","max-image-preview":"max-image-preview:large","max-video-preview":"max-video-preview:-1"},"canonical":"https:\/\/particuliers.citemomes.fr\/index.php\/2020\/06\/05\/des-petits-eco-gestes-pour-la-journee-mondiale-de-lenvironnement\/","og_locale":"fr_FR","og_type":"article","og_title":"Des petits \u00e9co-gestes pour la Journ\u00e9e Mondiale de l'Environnement ! -","og_description":"Peut-\u00eatre le saviez-vous d\u00e9j\u00e0 mais chez Cit\u00e9m\u00f4mes, la r\u00e9cup\u2019 est \u00e0 l\u2019honneur ! Dans l\u2019optique d\u2019encourager le d\u00e9veloppement d\u2019une consommation durable des ressources disponibles sans en cr\u00e9er de nouvelles, les d\u00e9chets des autres deviennent souvent nos tr\u00e9sors&#8230;\u00a0Que ce soit dans nos locaux ou lors de manifestations ext\u00e9rieures,\u00a0nous appliquons ainsi tr\u00e8s souvent les principes de Lavoisier&hellip; Lire la suite Des petits \u00e9co-gestes pour la Journ\u00e9e Mondiale de l&#8217;Environnement !","og_url":"https:\/\/particuliers.citemomes.fr\/index.php\/2020\/06\/05\/des-petits-eco-gestes-pour-la-journee-mondiale-de-lenvironnement\/","article_published_time":"2020-06-05T07:44:36+00:00","article_modified_time":"2021-04-13T13:49:01+00:00","og_image":[{"url":"http:\/\/citemomes.fr\/wp-content\/uploads\/2020\/06\/unnamed-e1591347003529.jpg"}],"author":"admin","twitter_card":"summary_large_image","twitter_misc":{"\u00c9crit par":"admin","Dur\u00e9e de lecture estim\u00e9e":"4 minutes"},"schema":{"@context":"https:\/\/schema.org","@graph":[{"@type":"WebPage","@id":"https:\/\/particuliers.citemomes.fr\/index.php\/2020\/06\/05\/des-petits-eco-gestes-pour-la-journee-mondiale-de-lenvironnement\/","url":"https:\/\/particuliers.citemomes.fr\/index.php\/2020\/06\/05\/des-petits-eco-gestes-pour-la-journee-mondiale-de-lenvironnement\/","name":"Des petits \u00e9co-gestes pour la Journ\u00e9e Mondiale de l'Environnement ! -","isPartOf":{"@id":"http:\/\/particuliers.citemomes.fr\/#website"},"datePublished":"2020-06-05T07:44:36+00:00","dateModified":"2021-04-13T13:49:01+00:00","author":{"@id":"http:\/\/particuliers.citemomes.fr\/#\/schema\/person\/b7d2d1ef56f27deb2049e29950fb75f7"},"breadcrumb":{"@id":"https:\/\/particuliers.citemomes.fr\/index.php\/2020\/06\/05\/des-petits-eco-gestes-pour-la-journee-mondiale-de-lenvironnement\/#breadcrumb"},"inLanguage":"fr-FR","potentialAction":[{"@type":"ReadAction","target":["https:\/\/particuliers.citemomes.fr\/index.php\/2020\/06\/05\/des-petits-eco-gestes-pour-la-journee-mondiale-de-lenvironnement\/"]}]},{"@type":"BreadcrumbList","@id":"https:\/\/particuliers.citemomes.fr\/index.php\/2020\/06\/05\/des-petits-eco-gestes-pour-la-journee-mondiale-de-lenvironnement\/#breadcrumb","itemListElement":[{"@type":"ListItem","position":1,"name":"Accueil","item":"https:\/\/particuliers.citemomes.fr\/"},{"@type":"ListItem","position":2,"name":"Des petits \u00e9co-gestes pour la Journ\u00e9e Mondiale de l&#8217;Environnement !"}]},{"@type":"WebSite","@id":"http:\/\/particuliers.citemomes.fr\/#website","url":"http:\/\/particuliers.citemomes.fr\/","name":"","description":"D\u00e9couvrir, cr\u00e9er, r\u00eaver !","potentialAction":[{"@type":"SearchAction","target":{"@type":"EntryPoint","urlTemplate":"http:\/\/particuliers.citemomes.fr\/?s={search_term_string}"},"query-input":"required name=search_term_string"}],"inLanguage":"fr-FR"},{"@type":"Person","@id":"http:\/\/particuliers.citemomes.fr\/#\/schema\/person\/b7d2d1ef56f27deb2049e29950fb75f7","name":"admin","image":{"@type":"ImageObject","inLanguage":"fr-FR","@id":"http:\/\/particuliers.citemomes.fr\/#\/schema\/person\/image\/","url":"https:\/\/secure.gravatar.com\/avatar\/2a31050660754423bc44e2e1ec39bd92?s=96&d=mm&r=g","contentUrl":"https:\/\/secure.gravatar.com\/avatar\/2a31050660754423bc44e2e1ec39bd92?s=96&d=mm&r=g","caption":"admin"},"url":"https:\/\/particuliers.citemomes.fr\/index.php\/author\/admin\/"}]}},"_links":{"self":[{"href":"https:\/\/particuliers.citemomes.fr\/index.php\/wp-json\/wp\/v2\/posts\/2426"}],"collection":[{"href":"https:\/\/particuliers.citemomes.fr\/index.php\/wp-json\/wp\/v2\/posts"}],"about":[{"href":"https:\/\/particuliers.citemomes.fr\/index.php\/wp-json\/wp\/v2\/types\/post"}],"author":[{"embeddable":true,"href":"https:\/\/particuliers.citemomes.fr\/index.php\/wp-json\/wp\/v2\/users\/1"}],"replies":[{"embeddable":true,"href":"https:\/\/particuliers.citemomes.fr\/index.php\/wp-json\/wp\/v2\/comments?post=2426"}],"version-history":[{"count":1,"href":"https:\/\/particuliers.citemomes.fr\/index.php\/wp-json\/wp\/v2\/posts\/2426\/revisions"}],"predecessor-version":[{"id":3437,"href":"https:\/\/particuliers.citemomes.fr\/index.php\/wp-json\/wp\/v2\/posts\/2426\/revisions\/3437"}],"wp:attachment":[{"href":"https:\/\/particuliers.citemomes.fr\/index.php\/wp-json\/wp\/v2\/media?parent=2426"}],"wp:term":[{"taxonomy":"category","embeddable":true,"href":"https:\/\/particuliers.citemomes.fr\/index.php\/wp-json\/wp\/v2\/categories?post=2426"},{"taxonomy":"post_tag","embeddable":true,"href":"https:\/\/particuliers.citemomes.fr\/index.php\/wp-json\/wp\/v2\/tags?post=2426"}],"curies":[{"name":"wp","href":"https:\/\/api.w.org\/{rel}","templated":true}]}}