{"id":2525,"date":"2020-07-03T08:43:10","date_gmt":"2020-07-03T06:43:10","guid":{"rendered":"http:\/\/citemomes.fr\/?p=2525"},"modified":"2021-04-13T15:45:31","modified_gmt":"2021-04-13T13:45:31","slug":"citemomes-a-rouen-sur-mer","status":"publish","type":"post","link":"https:\/\/particuliers.citemomes.fr\/index.php\/2020\/07\/03\/citemomes-a-rouen-sur-mer\/","title":{"rendered":"Cit\u00e9m\u00f4mes \u00e0 Rouen sur mer !"},"content":{"rendered":"<p><a href=\"http:\/\/citemomes.fr\/wp-content\/uploads\/2020\/07\/67127548_2343940615685270_7607997152786120704_o.jpg\"><img fetchpriority=\"high\" decoding=\"async\" class=\"size-full wp-image-2530 aligncenter\" src=\"http:\/\/citemomes.fr\/wp-content\/uploads\/2020\/07\/67127548_2343940615685270_7607997152786120704_o.jpg\" alt=\"\" width=\"1944\" height=\"1296\" \/><\/a><\/p>\n<p style=\"text-align: center;\"><span style=\"color: #000000;\"><span style=\"color: #008080;\"><b><i>Rouen sur mer<\/i>, c&#8217;est (re)parti !<\/b> <\/span>L&#8217;incontournable grande animation estivale pour les enfants et toute la famille est de retour sur les quais de la rive gauche du samedi 4 juillet au dimanche 2 ao\u00fbt 2020, avec, au programme, des ateliers, des jeux et autres activit\u00e9s sportives<span class=\"Apple-converted-space\">\u00a0<\/span>gratuitement propos\u00e9s au public.<\/span><\/p>\n<p style=\"text-align: center;\"><span style=\"color: #000000;\">Cette ann\u00e9e, il ne manque que\u00a0le sable pour se croire \u00e0 la plage ! Contexte sanitaire oblige, <i>Rouen sur mer<\/i> a d\u00fb s&#8217;adapter \u00e0 la situation, et cr\u00e9er un \u00e9v\u00e9nement qui permet \u00e0 tous de s&#8217;amuser, bien qu&#8217;en respectant quelques r\u00e8gles simples pour la s\u00e9curit\u00e9 de tous.<\/span><\/p>\n<p style=\"text-align: center;\"><span style=\"color: #000000;\">L&#8217;animation estivale prend ses aises, du pont Guillaume-le-Conqu\u00e9rant jusqu&#8217;\u00e0 la prairie Saint-Sever. Des p\u00f4les d&#8217;activit\u00e9, en groupe de 10, sont organis\u00e9s pour les plus jeunes. <b><span style=\"color: #008080;\">Les inscriptions (GRATUITES) auront lieu sur place le jour-m\u00eame de l&#8217;animation<\/span><\/b>.<\/span><\/p>\n<p style=\"text-align: center;\"><span style=\"color: #000000;\">Une ann\u00e9e de plus, <b><i>Cit\u00e9m\u00f4mes<\/i><\/b> se fait un plaisir de participer \u00e0 cette manifestation avec ses nombreux ateliers cr\u00e9atifs et ateliers tricot. \ud83d\ude42<\/span><\/p>\n<p><span style=\"color: #ffffff;\">jjj<\/span><\/p>\n<h3 style=\"text-align: center;\"><span style=\"color: #008080;\"><b><i>Et voici le programme<\/i><\/b><b><i>\u00a0!<\/i><\/b><\/span><\/h3>\n<p><span style=\"color: #ffffff;\">jjj<\/span><\/p>\n<h3><em><span style=\"color: #000000;\"><b>Atelier &#8220;Garde le sourire&#8221;<\/b><\/span><\/em><\/h3>\n<p><span style=\"color: #000000;\"><b>Samedi 4 juillet 2020 &#8211; <\/b>14h30 &#8211; 18h30<\/span><\/p>\n<p><span style=\"color: #000000;\"><b>Samedi 18 juillet 2020 &#8211; <\/b>14h30 &#8211; 18h30<\/span><\/p>\n<p><span style=\"color: #000000;\"><b>Samedi 1 ao\u00fbt 2020<\/b> <b>&#8211; <\/b>14h30 &#8211; 18h30<\/span><\/p>\n<p><span style=\"color: #000000;\"><i>\u00c0 partir de 4 ans<\/i><\/span><\/p>\n<p><span style=\"color: #ff6600;\">Inscription sur place le jour de l\u2019animation.<\/span><\/p>\n<p><span style=\"color: #ffffff;\">jjj<\/span><\/p>\n<h3><em><span style=\"color: #000000;\"><b>Atelier &#8220;Tricot pompom et cie&#8221;<span class=\"Apple-converted-space\">\u00a0<\/span><\/b><\/span><\/em><\/h3>\n<p><span style=\"color: #000000;\"><b>Mercredi 8 juillet 2020 &#8211; <\/b>17h30 &#8211; 19h30<\/span><\/p>\n<p><span style=\"color: #000000;\"><b>Mercredi 15 juillet 2020<\/b> <b>&#8211; <\/b>17h30 &#8211; 19h30<\/span><\/p>\n<p><span style=\"color: #000000;\"><b>Mercredi 22 juillet 2020 &#8211; <\/b>17h30 &#8211; 19h30<\/span><\/p>\n<p><span style=\"color: #000000;\"><b>Mercredi 29 juillet 2020 &#8211; <\/b>17h30 &#8211; 19h30<\/span><\/p>\n<p><span style=\"color: #000000;\"><i>\u00c0 partir de 6 ans<\/i><\/span><\/p>\n<p><span style=\"color: #ff6600;\">Inscription sur place le jour de l\u2019animation.<\/span><\/p>\n<p><span style=\"color: #ffffff;\">jjj<\/span><\/p>\n<h3><em><span style=\"color: #000000;\"><b>Atelier &#8220;Collectionneurs de couleurs&#8221;<\/b><\/span><\/em><\/h3>\n<p><span style=\"color: #000000;\"><b>Vendredi 10 juillet 2020 &#8211;<\/b> 14h30 &#8211; 18h30<\/span><\/p>\n<p><span style=\"color: #000000;\"><b>Lundi 27 juillet 2020 &#8211;<\/b> 14h30 &#8211; 18h30<\/span><\/p>\n<p><span style=\"color: #000000;\"><i>\u00c0 partir de 6 ans<\/i><\/span><\/p>\n<p><span style=\"color: #ff6600;\">Inscription sur place le jour de l\u2019animation.<\/span><\/p>\n<p><span style=\"color: #ffffff;\">jjj<\/span><\/p>\n<h3><em><span style=\"color: #000000;\"><b>&#8220;Chasseurs de couleurs&#8221;<\/b><\/span><\/em><\/h3>\n<p><span style=\"color: #000000;\"><b>Samedi 11 juillet 2020 &#8211;<\/b> 14h30 &#8211; 18h30<\/span><\/p>\n<p><span style=\"color: #000000;\"><b>Samedi 25 juillet 2020 &#8211; <\/b>14h30 &#8211; 18h30<\/span><\/p>\n<p><span style=\"color: #000000;\"><i>\u00c0 partir de 4 ans<\/i><\/span><\/p>\n<p><span style=\"color: #ff6600;\">Inscription sur place le jour de l\u2019animation.<\/span><\/p>\n<p><span style=\"color: #ffffff;\">jjj<\/span><\/p>\n<h3><em><span style=\"color: #000000;\"><b>Atelier &#8220;Mandala Land&#8217;Art&#8221;<\/b><\/span><\/em><\/h3>\n<p><span style=\"color: #000000;\"><b>Lundi 20 juillet 2020 &#8211; 14h00 &#8211; 17h00<\/b><\/span><\/p>\n<p><span style=\"color: #000000;\"><i>\u00c0 partir de 4 ans<\/i><\/span><\/p>\n<p><span style=\"color: #ff6600;\">Inscription sur place le jour de l\u2019animation.<\/span><\/p>\n<p><span style=\"color: #ffffff;\"><span class=\"Apple-converted-space\">\u00a0<\/span>jjj<\/span><\/p>\n<h3><em><span style=\"color: #000000;\"><b>&#8220;Apr\u00e8s-midi de cl\u00f4ture color\u00e9 et souriant&#8221;<\/b><\/span><\/em><\/h3>\n<p><span style=\"color: #000000;\"><b>Dimanche 2 ao\u00fbt 2020 &#8211; 14h30 &#8211; 18h30<\/b><\/span><\/p>\n<p><em><span style=\"color: #000000;\">\u00c0 partir de 4 ans<\/span><\/em><\/p>\n<p><span style=\"color: #ff6600;\">Inscription sur place le jour de l\u2019animation.<\/span><\/p>\n<h3><span style=\"color: #ffffff;\"><span class=\"Apple-converted-space\">\u00a0<\/span>jjjx<\/span><\/h3>\n<p style=\"text-align: center;\"><span style=\"color: #008080;\"><strong>Nous avons h\u00e2te de vous y retrouver ! \ud83d\ude42<span class=\"Apple-converted-space\">\u00a0<\/span><\/strong><\/span><\/p>\n<p style=\"text-align: center;\"><span style=\"color: #000000;\">L&#8217;ensemble du programme de la manifestation est \u00e0 retrouver sur <a style=\"color: #000000;\" href=\"http:\/\/ete.rouen.fr\/\">ete.rouen.fr<\/a>.<\/span><\/p>\n<p style=\"text-align: center;\"><span style=\"color: #000000;\">En attendant, vous pouvez consulter\u00a0<a style=\"color: #000000;\" href=\"https:\/\/rouen.fr\/agenda\/rsm\/maintenant\/tout\/tout\">l&#8217;agenda de Rouen.fr<\/a>.<\/span><\/p>\n<p style=\"text-align: center;\"><span style=\"color: #ffffff;\">jjjjj<\/span><\/p>\n<p style=\"text-align: center;\"><span style=\"color: #000000;\"><a style=\"color: #000000;\" href=\"https:\/\/www.facebook.com\/citemomes\/\"><img decoding=\"async\" class=\"alignnone wp-image-2021\" src=\"http:\/\/citemomes.fr\/wp-content\/uploads\/2020\/03\/Capture-d\u2019\u00e9cran-2020-03-26-\u00e0-21.41.46.png\" sizes=\"(max-width: 48px) 100vw, 48px\" srcset=\"http:\/\/citemomes.fr\/wp-content\/uploads\/2020\/03\/Capture-d\u2019\u00e9cran-2020-03-26-\u00e0-21.41.46.png 1176w, http:\/\/citemomes.fr\/wp-content\/uploads\/2020\/03\/Capture-d\u2019\u00e9cran-2020-03-26-\u00e0-21.41.46-300x288.png 300w, http:\/\/citemomes.fr\/wp-content\/uploads\/2020\/03\/Capture-d\u2019\u00e9cran-2020-03-26-\u00e0-21.41.46-768x737.png 768w, http:\/\/citemomes.fr\/wp-content\/uploads\/2020\/03\/Capture-d\u2019\u00e9cran-2020-03-26-\u00e0-21.41.46-1024x982.png 1024w, http:\/\/citemomes.fr\/wp-content\/uploads\/2020\/03\/Capture-d\u2019\u00e9cran-2020-03-26-\u00e0-21.41.46-643x617.png 643w\" alt=\"\" width=\"48\" height=\"46\" \/><\/a><em><strong><a style=\"color: #000000;\" href=\"https:\/\/www.instagram.com\/citemomes\/\"><img decoding=\"async\" class=\"alignnone wp-image-2023\" src=\"http:\/\/citemomes.fr\/wp-content\/uploads\/2020\/03\/Capture-d\u2019\u00e9cran-2020-03-26-\u00e0-21.42.25.png\" sizes=\"(max-width: 46px) 100vw, 46px\" srcset=\"http:\/\/citemomes.fr\/wp-content\/uploads\/2020\/03\/Capture-d\u2019\u00e9cran-2020-03-26-\u00e0-21.42.25.png 1462w, http:\/\/citemomes.fr\/wp-content\/uploads\/2020\/03\/Capture-d\u2019\u00e9cran-2020-03-26-\u00e0-21.42.25-150x150.png 150w, http:\/\/citemomes.fr\/wp-content\/uploads\/2020\/03\/Capture-d\u2019\u00e9cran-2020-03-26-\u00e0-21.42.25-297x300.png 297w, http:\/\/citemomes.fr\/wp-content\/uploads\/2020\/03\/Capture-d\u2019\u00e9cran-2020-03-26-\u00e0-21.42.25-768x776.png 768w, http:\/\/citemomes.fr\/wp-content\/uploads\/2020\/03\/Capture-d\u2019\u00e9cran-2020-03-26-\u00e0-21.42.25-1013x1024.png 1013w, http:\/\/citemomes.fr\/wp-content\/uploads\/2020\/03\/Capture-d\u2019\u00e9cran-2020-03-26-\u00e0-21.42.25-200x200.png 200w, http:\/\/citemomes.fr\/wp-content\/uploads\/2020\/03\/Capture-d\u2019\u00e9cran-2020-03-26-\u00e0-21.42.25-643x650.png 643w, http:\/\/citemomes.fr\/wp-content\/uploads\/2020\/03\/Capture-d\u2019\u00e9cran-2020-03-26-\u00e0-21.42.25-75x75.png 75w\" alt=\"\" width=\"46\" height=\"47\" \/><\/a><a style=\"color: #000000;\" href=\"https:\/\/twitter.com\/Citemomes\"><img loading=\"lazy\" decoding=\"async\" class=\"alignnone wp-image-2024\" src=\"http:\/\/citemomes.fr\/wp-content\/uploads\/2020\/03\/Capture-d\u2019\u00e9cran-2020-03-26-\u00e0-21.44.36.png\" sizes=\"(max-width: 50px) 100vw, 50px\" srcset=\"http:\/\/citemomes.fr\/wp-content\/uploads\/2020\/03\/Capture-d\u2019\u00e9cran-2020-03-26-\u00e0-21.44.36.png 552w, http:\/\/citemomes.fr\/wp-content\/uploads\/2020\/03\/Capture-d\u2019\u00e9cran-2020-03-26-\u00e0-21.44.36-300x261.png 300w\" alt=\"\" width=\"50\" height=\"44\" \/><img loading=\"lazy\" decoding=\"async\" class=\"alignnone wp-image-2049\" src=\"http:\/\/citemomes.fr\/wp-content\/uploads\/2016\/01\/Capture-d\u2019\u00e9cran-2020-03-26-\u00e0-22.43.35.png\" sizes=\"(max-width: 44px) 100vw, 44px\" srcset=\"http:\/\/citemomes.fr\/wp-content\/uploads\/2016\/01\/Capture-d\u2019\u00e9cran-2020-03-26-\u00e0-22.43.35.png 1024w, http:\/\/citemomes.fr\/wp-content\/uploads\/2016\/01\/Capture-d\u2019\u00e9cran-2020-03-26-\u00e0-22.43.35-287x300.png 287w, http:\/\/citemomes.fr\/wp-content\/uploads\/2016\/01\/Capture-d\u2019\u00e9cran-2020-03-26-\u00e0-22.43.35-768x804.png 768w, http:\/\/citemomes.fr\/wp-content\/uploads\/2016\/01\/Capture-d\u2019\u00e9cran-2020-03-26-\u00e0-22.43.35-978x1024.png 978w, http:\/\/citemomes.fr\/wp-content\/uploads\/2016\/01\/Capture-d\u2019\u00e9cran-2020-03-26-\u00e0-22.43.35-643x673.png 643w\" alt=\"\" width=\"44\" height=\"46\" \/><\/a><\/strong><\/em><\/span><\/p>\n<h3 style=\"text-align: center;\"><span style=\"color: #008080;\">\u2665<\/span><\/h3>\n","protected":false},"excerpt":{"rendered":"<p>Rouen sur mer, c&#8217;est (re)parti ! L&#8217;incontournable grande animation estivale pour les enfants et toute la famille est de retour sur les quais de la rive gauche du samedi 4 juillet au dimanche 2 ao\u00fbt 2020, avec, au programme, des ateliers, des jeux et autres activit\u00e9s sportives\u00a0gratuitement propos\u00e9s au public. Cette ann\u00e9e, il ne manque&hellip; <a href=\"https:\/\/particuliers.citemomes.fr\/index.php\/2020\/07\/03\/citemomes-a-rouen-sur-mer\/\" class=\"more-link\">Lire la suite <span class=\"screen-reader-text\">Cit\u00e9m\u00f4mes \u00e0 Rouen sur mer !<\/span><\/a><\/p>\n","protected":false},"author":1,"featured_media":0,"comment_status":"open","ping_status":"open","sticky":false,"template":"","format":"standard","meta":[],"categories":[181,167],"tags":[29,30,31,48,62,73,114,120,121,127,143],"yoast_head":"<!-- This site is optimized with the Yoast SEO plugin v20.0 - https:\/\/yoast.com\/wordpress\/plugins\/seo\/ -->\n<title>Cit\u00e9m\u00f4mes \u00e0 Rouen sur mer ! -<\/title>\n<meta name=\"robots\" content=\"index, follow, max-snippet:-1, max-image-preview:large, max-video-preview:-1\" \/>\n<link rel=\"canonical\" href=\"https:\/\/particuliers.citemomes.fr\/index.php\/2020\/07\/03\/citemomes-a-rouen-sur-mer\/\" \/>\n<meta property=\"og:locale\" content=\"fr_FR\" \/>\n<meta property=\"og:type\" content=\"article\" \/>\n<meta property=\"og:title\" content=\"Cit\u00e9m\u00f4mes \u00e0 Rouen sur mer ! -\" \/>\n<meta property=\"og:description\" content=\"Rouen sur mer, c&#8217;est (re)parti ! L&#8217;incontournable grande animation estivale pour les enfants et toute la famille est de retour sur les quais de la rive gauche du samedi 4 juillet au dimanche 2 ao\u00fbt 2020, avec, au programme, des ateliers, des jeux et autres activit\u00e9s sportives\u00a0gratuitement propos\u00e9s au public. Cette ann\u00e9e, il ne manque&hellip; Lire la suite Cit\u00e9m\u00f4mes \u00e0 Rouen sur mer !\" \/>\n<meta property=\"og:url\" content=\"https:\/\/particuliers.citemomes.fr\/index.php\/2020\/07\/03\/citemomes-a-rouen-sur-mer\/\" \/>\n<meta property=\"article:published_time\" content=\"2020-07-03T06:43:10+00:00\" \/>\n<meta property=\"article:modified_time\" content=\"2021-04-13T13:45:31+00:00\" \/>\n<meta property=\"og:image\" content=\"http:\/\/citemomes.fr\/wp-content\/uploads\/2020\/07\/67127548_2343940615685270_7607997152786120704_o.jpg\" \/>\n<meta name=\"author\" content=\"admin\" \/>\n<meta name=\"twitter:card\" content=\"summary_large_image\" \/>\n<meta name=\"twitter:label1\" content=\"\u00c9crit par\" \/>\n\t<meta name=\"twitter:data1\" content=\"admin\" \/>\n\t<meta name=\"twitter:label2\" content=\"Dur\u00e9e de lecture estim\u00e9e\" \/>\n\t<meta name=\"twitter:data2\" content=\"2 minutes\" \/>\n<script type=\"application\/ld+json\" class=\"yoast-schema-graph\">{\"@context\":\"https:\/\/schema.org\",\"@graph\":[{\"@type\":\"WebPage\",\"@id\":\"https:\/\/particuliers.citemomes.fr\/index.php\/2020\/07\/03\/citemomes-a-rouen-sur-mer\/\",\"url\":\"https:\/\/particuliers.citemomes.fr\/index.php\/2020\/07\/03\/citemomes-a-rouen-sur-mer\/\",\"name\":\"Cit\u00e9m\u00f4mes \u00e0 Rouen sur mer ! -\",\"isPartOf\":{\"@id\":\"http:\/\/particuliers.citemomes.fr\/#website\"},\"datePublished\":\"2020-07-03T06:43:10+00:00\",\"dateModified\":\"2021-04-13T13:45:31+00:00\",\"author\":{\"@id\":\"http:\/\/particuliers.citemomes.fr\/#\/schema\/person\/b7d2d1ef56f27deb2049e29950fb75f7\"},\"breadcrumb\":{\"@id\":\"https:\/\/particuliers.citemomes.fr\/index.php\/2020\/07\/03\/citemomes-a-rouen-sur-mer\/#breadcrumb\"},\"inLanguage\":\"fr-FR\",\"potentialAction\":[{\"@type\":\"ReadAction\",\"target\":[\"https:\/\/particuliers.citemomes.fr\/index.php\/2020\/07\/03\/citemomes-a-rouen-sur-mer\/\"]}]},{\"@type\":\"BreadcrumbList\",\"@id\":\"https:\/\/particuliers.citemomes.fr\/index.php\/2020\/07\/03\/citemomes-a-rouen-sur-mer\/#breadcrumb\",\"itemListElement\":[{\"@type\":\"ListItem\",\"position\":1,\"name\":\"Accueil\",\"item\":\"https:\/\/particuliers.citemomes.fr\/\"},{\"@type\":\"ListItem\",\"position\":2,\"name\":\"Cit\u00e9m\u00f4mes \u00e0 Rouen sur mer !\"}]},{\"@type\":\"WebSite\",\"@id\":\"http:\/\/particuliers.citemomes.fr\/#website\",\"url\":\"http:\/\/particuliers.citemomes.fr\/\",\"name\":\"\",\"description\":\"D\u00e9couvrir, cr\u00e9er, r\u00eaver !\",\"potentialAction\":[{\"@type\":\"SearchAction\",\"target\":{\"@type\":\"EntryPoint\",\"urlTemplate\":\"http:\/\/particuliers.citemomes.fr\/?s={search_term_string}\"},\"query-input\":\"required name=search_term_string\"}],\"inLanguage\":\"fr-FR\"},{\"@type\":\"Person\",\"@id\":\"http:\/\/particuliers.citemomes.fr\/#\/schema\/person\/b7d2d1ef56f27deb2049e29950fb75f7\",\"name\":\"admin\",\"image\":{\"@type\":\"ImageObject\",\"inLanguage\":\"fr-FR\",\"@id\":\"http:\/\/particuliers.citemomes.fr\/#\/schema\/person\/image\/\",\"url\":\"https:\/\/secure.gravatar.com\/avatar\/2a31050660754423bc44e2e1ec39bd92?s=96&d=mm&r=g\",\"contentUrl\":\"https:\/\/secure.gravatar.com\/avatar\/2a31050660754423bc44e2e1ec39bd92?s=96&d=mm&r=g\",\"caption\":\"admin\"},\"url\":\"https:\/\/particuliers.citemomes.fr\/index.php\/author\/admin\/\"}]}<\/script>\n<!-- \/ Yoast SEO plugin. -->","yoast_head_json":{"title":"Cit\u00e9m\u00f4mes \u00e0 Rouen sur mer ! -","robots":{"index":"index","follow":"follow","max-snippet":"max-snippet:-1","max-image-preview":"max-image-preview:large","max-video-preview":"max-video-preview:-1"},"canonical":"https:\/\/particuliers.citemomes.fr\/index.php\/2020\/07\/03\/citemomes-a-rouen-sur-mer\/","og_locale":"fr_FR","og_type":"article","og_title":"Cit\u00e9m\u00f4mes \u00e0 Rouen sur mer ! -","og_description":"Rouen sur mer, c&#8217;est (re)parti ! L&#8217;incontournable grande animation estivale pour les enfants et toute la famille est de retour sur les quais de la rive gauche du samedi 4 juillet au dimanche 2 ao\u00fbt 2020, avec, au programme, des ateliers, des jeux et autres activit\u00e9s sportives\u00a0gratuitement propos\u00e9s au public. Cette ann\u00e9e, il ne manque&hellip; Lire la suite Cit\u00e9m\u00f4mes \u00e0 Rouen sur mer !","og_url":"https:\/\/particuliers.citemomes.fr\/index.php\/2020\/07\/03\/citemomes-a-rouen-sur-mer\/","article_published_time":"2020-07-03T06:43:10+00:00","article_modified_time":"2021-04-13T13:45:31+00:00","og_image":[{"url":"http:\/\/citemomes.fr\/wp-content\/uploads\/2020\/07\/67127548_2343940615685270_7607997152786120704_o.jpg"}],"author":"admin","twitter_card":"summary_large_image","twitter_misc":{"\u00c9crit par":"admin","Dur\u00e9e de lecture estim\u00e9e":"2 minutes"},"schema":{"@context":"https:\/\/schema.org","@graph":[{"@type":"WebPage","@id":"https:\/\/particuliers.citemomes.fr\/index.php\/2020\/07\/03\/citemomes-a-rouen-sur-mer\/","url":"https:\/\/particuliers.citemomes.fr\/index.php\/2020\/07\/03\/citemomes-a-rouen-sur-mer\/","name":"Cit\u00e9m\u00f4mes \u00e0 Rouen sur mer ! -","isPartOf":{"@id":"http:\/\/particuliers.citemomes.fr\/#website"},"datePublished":"2020-07-03T06:43:10+00:00","dateModified":"2021-04-13T13:45:31+00:00","author":{"@id":"http:\/\/particuliers.citemomes.fr\/#\/schema\/person\/b7d2d1ef56f27deb2049e29950fb75f7"},"breadcrumb":{"@id":"https:\/\/particuliers.citemomes.fr\/index.php\/2020\/07\/03\/citemomes-a-rouen-sur-mer\/#breadcrumb"},"inLanguage":"fr-FR","potentialAction":[{"@type":"ReadAction","target":["https:\/\/particuliers.citemomes.fr\/index.php\/2020\/07\/03\/citemomes-a-rouen-sur-mer\/"]}]},{"@type":"BreadcrumbList","@id":"https:\/\/particuliers.citemomes.fr\/index.php\/2020\/07\/03\/citemomes-a-rouen-sur-mer\/#breadcrumb","itemListElement":[{"@type":"ListItem","position":1,"name":"Accueil","item":"https:\/\/particuliers.citemomes.fr\/"},{"@type":"ListItem","position":2,"name":"Cit\u00e9m\u00f4mes \u00e0 Rouen sur mer !"}]},{"@type":"WebSite","@id":"http:\/\/particuliers.citemomes.fr\/#website","url":"http:\/\/particuliers.citemomes.fr\/","name":"","description":"D\u00e9couvrir, cr\u00e9er, r\u00eaver !","potentialAction":[{"@type":"SearchAction","target":{"@type":"EntryPoint","urlTemplate":"http:\/\/particuliers.citemomes.fr\/?s={search_term_string}"},"query-input":"required name=search_term_string"}],"inLanguage":"fr-FR"},{"@type":"Person","@id":"http:\/\/particuliers.citemomes.fr\/#\/schema\/person\/b7d2d1ef56f27deb2049e29950fb75f7","name":"admin","image":{"@type":"ImageObject","inLanguage":"fr-FR","@id":"http:\/\/particuliers.citemomes.fr\/#\/schema\/person\/image\/","url":"https:\/\/secure.gravatar.com\/avatar\/2a31050660754423bc44e2e1ec39bd92?s=96&d=mm&r=g","contentUrl":"https:\/\/secure.gravatar.com\/avatar\/2a31050660754423bc44e2e1ec39bd92?s=96&d=mm&r=g","caption":"admin"},"url":"https:\/\/particuliers.citemomes.fr\/index.php\/author\/admin\/"}]}},"_links":{"self":[{"href":"https:\/\/particuliers.citemomes.fr\/index.php\/wp-json\/wp\/v2\/posts\/2525"}],"collection":[{"href":"https:\/\/particuliers.citemomes.fr\/index.php\/wp-json\/wp\/v2\/posts"}],"about":[{"href":"https:\/\/particuliers.citemomes.fr\/index.php\/wp-json\/wp\/v2\/types\/post"}],"author":[{"embeddable":true,"href":"https:\/\/particuliers.citemomes.fr\/index.php\/wp-json\/wp\/v2\/users\/1"}],"replies":[{"embeddable":true,"href":"https:\/\/particuliers.citemomes.fr\/index.php\/wp-json\/wp\/v2\/comments?post=2525"}],"version-history":[{"count":1,"href":"https:\/\/particuliers.citemomes.fr\/index.php\/wp-json\/wp\/v2\/posts\/2525\/revisions"}],"predecessor-version":[{"id":3431,"href":"https:\/\/particuliers.citemomes.fr\/index.php\/wp-json\/wp\/v2\/posts\/2525\/revisions\/3431"}],"wp:attachment":[{"href":"https:\/\/particuliers.citemomes.fr\/index.php\/wp-json\/wp\/v2\/media?parent=2525"}],"wp:term":[{"taxonomy":"category","embeddable":true,"href":"https:\/\/particuliers.citemomes.fr\/index.php\/wp-json\/wp\/v2\/categories?post=2525"},{"taxonomy":"post_tag","embeddable":true,"href":"https:\/\/particuliers.citemomes.fr\/index.php\/wp-json\/wp\/v2\/tags?post=2525"}],"curies":[{"name":"wp","href":"https:\/\/api.w.org\/{rel}","templated":true}]}}