{"id":3273,"date":"2021-06-16T09:52:12","date_gmt":"2021-06-16T08:52:12","guid":{"rendered":"http:\/\/citemomes.fr\/?p=3273"},"modified":"2021-06-16T09:52:12","modified_gmt":"2021-06-16T08:52:12","slug":"les-ateliers-du-mercredi-cest-reparti","status":"publish","type":"post","link":"https:\/\/particuliers.citemomes.fr\/index.php\/2021\/06\/16\/les-ateliers-du-mercredi-cest-reparti\/","title":{"rendered":"Les ateliers du mercredi : c&#8217;est (re)parti !"},"content":{"rendered":"\n<figure class=\"wp-block-image size-large\"><img decoding=\"async\" src=\"http:\/\/citemomes.fr\/wp-content\/uploads\/2021\/06\/visuelatmercredi-1-724x1024.png\" alt=\"\" class=\"wp-image-3283\"\/><\/figure>\n\n\n\n<p><span class=\"has-inline-color has-white-color\">jjjjjjjj<\/span><\/p>\n\n\n\n<h4 class=\"has-text-align-center\"><span style=\"color:#008080\" class=\"has-inline-color\"><em><strong>Le&nbsp;mercredi, tout est permis<\/strong><\/em>&nbsp;<strong>!<\/strong><\/span> \ud83d\ude0d<\/h4>\n\n\n\n<p class=\"has-text-align-center\"><span class=\"has-inline-color has-black-color\">Alors, pour la rentr\u00e9e 2021-2022 et pour la quatri\u00e8me ann\u00e9e cons\u00e9cutive,<em><strong>&nbsp;Cit\u00e9m\u00f4mes<\/strong><\/em>&nbsp;propose \u00e0 vos enfants \u00e2g\u00e9 entre 4 et 12 ans des&nbsp;ateliers d\u2019arts-plastiques \u00e9co-citoyens&nbsp;<strong>\u00e0 l&#8217;ann\u00e9e<\/strong>&nbsp;: de la peinture, du dessin, du bricolage et plein d\u2019autres&nbsp;<strong>surprises<\/strong>&nbsp;pour passer une super ann\u00e9e cr\u00e9ative&nbsp;! \ud83c\udfa8 <\/span><\/p>\n\n\n\n<p><span class=\"has-inline-color has-white-color\">kkkk<\/span><\/p>\n\n\n\n<figure class=\"wp-block-image size-large\"><img decoding=\"async\" src=\"http:\/\/citemomes.fr\/wp-content\/uploads\/2021\/06\/dfb65b70-e7d5-4e9f-bc47-4d74da693c9b-1024x1024.jpg\" alt=\"\" class=\"wp-image-3277\"\/><\/figure>\n\n\n\n<p><span class=\"has-inline-color has-white-color\">,,,,,<\/span><\/p>\n\n\n\n<h4 class=\"has-text-align-center\"><em><strong><span style=\"color:#008080\" class=\"has-inline-color\">Les avantages des ateliers \u00e0 l\u2019ann\u00e9e chez Cit\u00e9m\u00f4mes ?<\/span><\/strong><\/em><\/h4>\n\n\n\n<p class=\"has-text-align-center\"><span style=\"color:#008080\" class=\"has-inline-color\">\u2022&nbsp;<\/span><span class=\"has-inline-color has-black-color\">De supers projets men\u00e9s sur plusieurs s\u00e9ances et donc, une continuit\u00e9,<\/span><\/p>\n\n\n\n<p class=\"has-text-align-center\"><span style=\"color:#008080\" class=\"has-inline-color\">\u2022<\/span>&nbsp;<span class=\"has-inline-color has-black-color\">La d\u00e9couverte, \u00e0 chaque s\u00e9ance, de&nbsp;<strong>nouveaux mat\u00e9riaux et techniques<\/strong>,<\/span><\/p>\n\n\n\n<p class=\"has-text-align-center\"><span style=\"color:#008080\" class=\"has-inline-color\">\u2022<\/span> <span class=\"has-inline-color has-black-color\">La d\u00e9couverte et l&#8217;approfondissement d&#8217;un th\u00e8me pr\u00e9cis (les th\u00e8mes travaill\u00e9s les ann\u00e9es pr\u00e9c\u00e9dentes : Mon Livre illustr\u00e9, les Couleurs, le Tour du monde des animaux),<\/span><\/p>\n\n\n\n<p class=\"has-text-align-center\"><span style=\"color:#008080\" class=\"has-inline-color\">\u2022 <\/span><span class=\"has-inline-color has-black-color\">Une initiation aux \u00e9co-gestes du quotidien et une sensibilisation au recyclage (chez Cit\u00e9m\u00f4mes, les d\u00e9chets des autres sont nos tr\u00e9sors ! \u267b\ufe0f), <\/span><\/p>\n\n\n\n<p class=\"has-text-align-center\"><span style=\"color:#008080\" class=\"has-inline-color\">\u2022&nbsp;<\/span><span class=\"has-inline-color has-black-color\">Une exposition des travaux&nbsp;des enfants en fin d\u2019ann\u00e9e,<\/span><\/p>\n\n\n\n<p class=\"has-text-align-center\"><span style=\"color:#008080\" class=\"has-inline-color\">\u2022&nbsp;<\/span><span class=\"has-inline-color has-black-color\">La possibilit\u00e9 de b\u00e9n\u00e9ficier de l\u2019aide&nbsp;<a href=\"https:\/\/www.seinemaritime.fr\/vos-services\/sports\/dispositif-et-politique-sportive\/pass-jeunes-76.html\">Pass Jeunes 76<\/a>&nbsp;du D\u00e9partement de Seine-Maritime,<\/span><\/p>\n\n\n\n<p class=\"has-text-align-center\"><span style=\"color:#008080\" class=\"has-inline-color\">\u2022<\/span><span class=\"has-inline-color has-black-color\">&nbsp;Un tarif unique sur les ateliers des vacances \u00e0 8\u20ac (au lieu de 12\u20ac) pour vos enfants et leurs proches !&nbsp;\ud83d\ude09<\/span><\/p>\n\n\n\n<p><span class=\"has-inline-color has-white-color\">kkkkk<\/span><\/p>\n\n\n\n<h4 class=\"has-text-align-center\"><em><strong><span style=\"color:#008080\" class=\"has-inline-color\">O\u00f9 ?<\/span><\/strong><\/em><\/h4>\n\n\n\n<p class=\"has-text-align-center\"><span class=\"has-inline-color has-black-color\">\u00c0 notre atelier du 11 rue du moulinet \u00e0 Rouen. <\/span><\/p>\n\n\n\n<p><span class=\"has-inline-color has-white-color\">kkkk<\/span><\/p>\n\n\n\n<h4 class=\"has-text-align-center\"><em><strong><span style=\"color:#008080\" class=\"has-inline-color\">Quand ?<\/span><\/strong><\/em><\/h4>\n\n\n\n<p class=\"has-text-align-center\"><span class=\"has-inline-color has-black-color\">Chaque mercredi pendant&nbsp;l\u2019ann\u00e9e scolaire de&nbsp;<strong>10h<\/strong>&nbsp;\u00e0<strong>&nbsp;11h30<\/strong>, de&nbsp;<strong>14h15&nbsp;<\/strong>\u00e0<strong>&nbsp;15h45&nbsp;<\/strong>ou de<strong>&nbsp;16h&nbsp;<\/strong>\u00e0&nbsp;<strong>17h30<\/strong>&nbsp;avec possibilit\u00e9 d\u2019accueillir les enfants dans nos locaux jusqu\u2019\u00e0 1\/2 heure avant et apr\u00e8s chaque atelier.&nbsp;Au programme durant ce temps bonus : coin lecture et jeux de soci\u00e9t\u00e9 ! <strong>Choisissez votre cr\u00e9neau !<\/strong><\/span><\/p>\n\n\n\n<p class=\"has-text-align-center\"><span class=\"has-inline-color has-black-color\">Les ateliers d\u00e9buteront&nbsp;<strong>fin septembre<\/strong>&nbsp;pour finir&nbsp;<strong>d\u00e9but juin<\/strong>.<\/span><\/p>\n\n\n\n<p class=\"has-text-align-center\"><span style=\"color:#008080\" class=\"has-inline-color\"><strong>Tarif pour une ann\u00e9e d\u2019ateliers&nbsp;: 330\u20ac<\/strong>**<\/span><\/p>\n\n\n\n<p><span class=\"has-inline-color has-white-color\">llll<\/span><\/p>\n\n\n\n<p class=\"has-text-align-center\"><strong><span style=\"color:#008080\" class=\"has-inline-color\">*<\/span><span class=\"has-inline-color has-black-color\">Paiement en 3 fois possible (avant d\u00e9cembre 2021).<\/span><\/strong><\/p>\n\n\n\n<p class=\"has-text-align-center\"><span style=\"color:#008080\" class=\"has-inline-color\">**<\/span><span class=\"has-inline-color has-black-color\"><strong><em>Ces ateliers b\u00e9n\u00e9ficient de l\u2019aide Pass jeunes du d\u00e9partement de Seine-Maritime.<\/em><\/strong> <strong>N&#8217;h\u00e9sitez pas \u00e0 vous renseigner et \u00e0 en faire la demande juste <a href=\"https:\/\/www.seinemaritime.fr\/mes-activites\/sport\/les-aides-aux-sportifs.html#:~:text=Le%20Pass%20Jeunes%2076%20est,ARS%20ou%20de%20l'AEEH\">ICI<\/a>.<\/strong><\/span><\/p>\n\n\n\n<p><span class=\"has-inline-color has-white-color\">jjjjj<\/span><\/p>\n\n\n\n<h4 class=\"has-text-align-center\"><em><strong><span style=\"color:#008080\" class=\"has-inline-color\">Les inscriptions :<\/span><\/strong><\/em><\/h4>\n\n\n\n<p class=\"has-text-align-center\"><span style=\"color:#008080\" class=\"has-inline-color\">\u2022<\/span><span class=\"has-inline-color has-black-color\">&nbsp;Pour inscrire vos enfants ou pour toute information, contactez-nous au&nbsp;<strong>02.76.08.72.67<\/strong>&nbsp;ou envoyez-nous un mail \u00e0&nbsp;<strong><a href=\"mailto:associationcitemomes@gmail.com\">associationcitemomes@gmail.com<\/a><\/strong>.<\/span><\/p>\n\n\n\n<p class=\"has-text-align-center\"><span style=\"color:#008080\" class=\"has-inline-color\">\u2022<\/span><span class=\"has-inline-color has-black-color\">&nbsp;Vous pouvez \u00e9galement proc\u00e9der \u00e0 l\u2019inscription en ligne d\u00e8s maintenant via le lien ci-contre :&nbsp;<strong><a href=\"https:\/\/www.helloasso.com\/associations\/citemomes\/evenements\/les-ateliers-du-mercredi-chez-citemomes\">https:\/\/www.helloasso.com\/associations\/citemomes\/evenements\/les-ateliers-du-mercredi-chez-citemomes<\/a>&nbsp;<\/strong>!<\/span><\/p>\n\n\n\n<p class=\"has-text-align-center\"><span style=\"color:#008080\" class=\"has-inline-color\">\u2022<\/span><span class=\"has-inline-color has-black-color\">&nbsp;<strong><em>Cit\u00e9m\u00f4mes<\/em><\/strong> organise une porte ouverte le mercredi 30 juin prochain : <a href=\"https:\/\/fb.me\/e\/2svHuFpm9\">https:\/\/fb.me\/e\/2svHuFpm9<\/a>. \u00c0 cette occasion, vous pourrez d\u00e9couvrir les travaux effectu\u00e9s par les enfants inscrits cette ann\u00e9e lors de leur &#8220;Tour du Monde des animaux&#8221;, mais aussi proc\u00e9der \u00e0 l&#8217;inscription de vos enfants.<\/span> \ud83d\ude09<\/p>\n\n\n\n<p><\/p>\n\n\n<p style=\"text-align: center;\"><span style=\"color: #ffffff;\">jjjjjj<\/span><\/p>\n<p style=\"text-align: center;\"><span style=\"color: #000000;\"><a style=\"color: #000000;\" href=\"https:\/\/www.facebook.com\/citemomes\/\"><img decoding=\"async\" class=\"alignnone wp-image-2021\" src=\"http:\/\/citemomes.fr\/wp-content\/uploads\/2020\/03\/Capture-d\u2019\u00e9cran-2020-03-26-\u00e0-21.41.46.png\" sizes=\"(max-width: 48px) 100vw, 48px\" srcset=\"http:\/\/citemomes.fr\/wp-content\/uploads\/2020\/03\/Capture-d\u2019\u00e9cran-2020-03-26-\u00e0-21.41.46.png 1176w, http:\/\/citemomes.fr\/wp-content\/uploads\/2020\/03\/Capture-d\u2019\u00e9cran-2020-03-26-\u00e0-21.41.46-300x288.png 300w, http:\/\/citemomes.fr\/wp-content\/uploads\/2020\/03\/Capture-d\u2019\u00e9cran-2020-03-26-\u00e0-21.41.46-768x737.png 768w, http:\/\/citemomes.fr\/wp-content\/uploads\/2020\/03\/Capture-d\u2019\u00e9cran-2020-03-26-\u00e0-21.41.46-1024x982.png 1024w, http:\/\/citemomes.fr\/wp-content\/uploads\/2020\/03\/Capture-d\u2019\u00e9cran-2020-03-26-\u00e0-21.41.46-643x617.png 643w\" alt=\"\" width=\"48\" height=\"46\"><\/a><em><strong><a style=\"color: #000000;\" href=\"https:\/\/www.instagram.com\/citemomes\/\"><img decoding=\"async\" class=\"alignnone wp-image-2023\" src=\"http:\/\/citemomes.fr\/wp-content\/uploads\/2020\/03\/Capture-d\u2019\u00e9cran-2020-03-26-\u00e0-21.42.25.png\" sizes=\"(max-width: 46px) 100vw, 46px\" srcset=\"http:\/\/citemomes.fr\/wp-content\/uploads\/2020\/03\/Capture-d\u2019\u00e9cran-2020-03-26-\u00e0-21.42.25.png 1462w, http:\/\/citemomes.fr\/wp-content\/uploads\/2020\/03\/Capture-d\u2019\u00e9cran-2020-03-26-\u00e0-21.42.25-150x150.png 150w, http:\/\/citemomes.fr\/wp-content\/uploads\/2020\/03\/Capture-d\u2019\u00e9cran-2020-03-26-\u00e0-21.42.25-297x300.png 297w, http:\/\/citemomes.fr\/wp-content\/uploads\/2020\/03\/Capture-d\u2019\u00e9cran-2020-03-26-\u00e0-21.42.25-768x776.png 768w, http:\/\/citemomes.fr\/wp-content\/uploads\/2020\/03\/Capture-d\u2019\u00e9cran-2020-03-26-\u00e0-21.42.25-1013x1024.png 1013w, http:\/\/citemomes.fr\/wp-content\/uploads\/2020\/03\/Capture-d\u2019\u00e9cran-2020-03-26-\u00e0-21.42.25-200x200.png 200w, http:\/\/citemomes.fr\/wp-content\/uploads\/2020\/03\/Capture-d\u2019\u00e9cran-2020-03-26-\u00e0-21.42.25-643x650.png 643w, http:\/\/citemomes.fr\/wp-content\/uploads\/2020\/03\/Capture-d\u2019\u00e9cran-2020-03-26-\u00e0-21.42.25-75x75.png 75w\" alt=\"\" width=\"46\" height=\"47\"><\/a><a style=\"color: #000000;\" href=\"https:\/\/twitter.com\/Citemomes\"><img decoding=\"async\" class=\"alignnone wp-image-2024\" src=\"http:\/\/citemomes.fr\/wp-content\/uploads\/2020\/03\/Capture-d\u2019\u00e9cran-2020-03-26-\u00e0-21.44.36.png\" sizes=\"(max-width: 50px) 100vw, 50px\" srcset=\"http:\/\/citemomes.fr\/wp-content\/uploads\/2020\/03\/Capture-d\u2019\u00e9cran-2020-03-26-\u00e0-21.44.36.png 552w, http:\/\/citemomes.fr\/wp-content\/uploads\/2020\/03\/Capture-d\u2019\u00e9cran-2020-03-26-\u00e0-21.44.36-300x261.png 300w\" alt=\"\" width=\"50\" height=\"44\"><img loading=\"lazy\" decoding=\"async\" class=\"alignnone wp-image-2049\" src=\"http:\/\/citemomes.fr\/wp-content\/uploads\/2016\/01\/Capture-d\u2019\u00e9cran-2020-03-26-\u00e0-22.43.35.png\" sizes=\"(max-width: 44px) 100vw, 44px\" srcset=\"http:\/\/citemomes.fr\/wp-content\/uploads\/2016\/01\/Capture-d\u2019\u00e9cran-2020-03-26-\u00e0-22.43.35.png 1024w, http:\/\/citemomes.fr\/wp-content\/uploads\/2016\/01\/Capture-d\u2019\u00e9cran-2020-03-26-\u00e0-22.43.35-287x300.png 287w, http:\/\/citemomes.fr\/wp-content\/uploads\/2016\/01\/Capture-d\u2019\u00e9cran-2020-03-26-\u00e0-22.43.35-768x804.png 768w, http:\/\/citemomes.fr\/wp-content\/uploads\/2016\/01\/Capture-d\u2019\u00e9cran-2020-03-26-\u00e0-22.43.35-978x1024.png 978w, http:\/\/citemomes.fr\/wp-content\/uploads\/2016\/01\/Capture-d\u2019\u00e9cran-2020-03-26-\u00e0-22.43.35-643x673.png 643w\" alt=\"\" width=\"44\" height=\"46\"><\/a><\/strong><\/em><\/span><\/p>\n<h4 style=\"text-align: center;\"><span style=\"color: #008080;\">\u2665<\/span><\/h4>\n\n\n<p><\/p>\n","protected":false},"excerpt":{"rendered":"<p>jjjjjjjj Le&nbsp;mercredi, tout est permis&nbsp;! \ud83d\ude0d Alors, pour la rentr\u00e9e 2021-2022 et pour la quatri\u00e8me ann\u00e9e cons\u00e9cutive,&nbsp;Cit\u00e9m\u00f4mes&nbsp;propose \u00e0 vos enfants \u00e2g\u00e9 entre 4 et 12 ans des&nbsp;ateliers d\u2019arts-plastiques \u00e9co-citoyens&nbsp;\u00e0 l&#8217;ann\u00e9e&nbsp;: de la peinture, du dessin, du bricolage et plein d\u2019autres&nbsp;surprises&nbsp;pour passer une super ann\u00e9e cr\u00e9ative&nbsp;! \ud83c\udfa8 kkkk ,,,,, Les avantages des ateliers \u00e0 l\u2019ann\u00e9e chez&hellip; <a href=\"https:\/\/particuliers.citemomes.fr\/index.php\/2021\/06\/16\/les-ateliers-du-mercredi-cest-reparti\/\" class=\"more-link\">Lire la suite <span class=\"screen-reader-text\">Les ateliers du mercredi : c&#8217;est (re)parti !<\/span><\/a><\/p>\n","protected":false},"author":2,"featured_media":0,"comment_status":"open","ping_status":"open","sticky":false,"template":"","format":"standard","meta":[],"categories":[181,166],"tags":[],"yoast_head":"<!-- This site is optimized with the Yoast SEO plugin v20.0 - https:\/\/yoast.com\/wordpress\/plugins\/seo\/ -->\n<title>Les ateliers du mercredi : c&#039;est (re)parti ! -<\/title>\n<meta name=\"robots\" content=\"index, follow, max-snippet:-1, max-image-preview:large, max-video-preview:-1\" \/>\n<link rel=\"canonical\" href=\"https:\/\/particuliers.citemomes.fr\/index.php\/2021\/06\/16\/les-ateliers-du-mercredi-cest-reparti\/\" \/>\n<meta property=\"og:locale\" content=\"fr_FR\" \/>\n<meta property=\"og:type\" content=\"article\" \/>\n<meta property=\"og:title\" content=\"Les ateliers du mercredi : c&#039;est (re)parti ! -\" \/>\n<meta property=\"og:description\" content=\"jjjjjjjj Le&nbsp;mercredi, tout est permis&nbsp;! \ud83d\ude0d Alors, pour la rentr\u00e9e 2021-2022 et pour la quatri\u00e8me ann\u00e9e cons\u00e9cutive,&nbsp;Cit\u00e9m\u00f4mes&nbsp;propose \u00e0 vos enfants \u00e2g\u00e9 entre 4 et 12 ans des&nbsp;ateliers d\u2019arts-plastiques \u00e9co-citoyens&nbsp;\u00e0 l&#8217;ann\u00e9e&nbsp;: de la peinture, du dessin, du bricolage et plein d\u2019autres&nbsp;surprises&nbsp;pour passer une super ann\u00e9e cr\u00e9ative&nbsp;! \ud83c\udfa8 kkkk ,,,,, Les avantages des ateliers \u00e0 l\u2019ann\u00e9e chez&hellip; Lire la suite Les ateliers du mercredi : c&#8217;est (re)parti !\" \/>\n<meta property=\"og:url\" content=\"https:\/\/particuliers.citemomes.fr\/index.php\/2021\/06\/16\/les-ateliers-du-mercredi-cest-reparti\/\" \/>\n<meta property=\"article:published_time\" content=\"2021-06-16T08:52:12+00:00\" \/>\n<meta property=\"og:image\" content=\"http:\/\/citemomes.fr\/wp-content\/uploads\/2021\/06\/visuelatmercredi-1-724x1024.png\" \/>\n<meta name=\"twitter:card\" content=\"summary_large_image\" \/>\n<meta name=\"twitter:label1\" content=\"\u00c9crit par\" \/>\n\t<meta name=\"twitter:data1\" content=\"\" \/>\n\t<meta name=\"twitter:label2\" content=\"Dur\u00e9e de lecture estim\u00e9e\" \/>\n\t<meta name=\"twitter:data2\" content=\"3 minutes\" \/>\n<script type=\"application\/ld+json\" class=\"yoast-schema-graph\">{\"@context\":\"https:\/\/schema.org\",\"@graph\":[{\"@type\":\"WebPage\",\"@id\":\"https:\/\/particuliers.citemomes.fr\/index.php\/2021\/06\/16\/les-ateliers-du-mercredi-cest-reparti\/\",\"url\":\"https:\/\/particuliers.citemomes.fr\/index.php\/2021\/06\/16\/les-ateliers-du-mercredi-cest-reparti\/\",\"name\":\"Les ateliers du mercredi : c'est (re)parti ! -\",\"isPartOf\":{\"@id\":\"http:\/\/particuliers.citemomes.fr\/#website\"},\"datePublished\":\"2021-06-16T08:52:12+00:00\",\"dateModified\":\"2021-06-16T08:52:12+00:00\",\"author\":{\"@id\":\"\"},\"breadcrumb\":{\"@id\":\"https:\/\/particuliers.citemomes.fr\/index.php\/2021\/06\/16\/les-ateliers-du-mercredi-cest-reparti\/#breadcrumb\"},\"inLanguage\":\"fr-FR\",\"potentialAction\":[{\"@type\":\"ReadAction\",\"target\":[\"https:\/\/particuliers.citemomes.fr\/index.php\/2021\/06\/16\/les-ateliers-du-mercredi-cest-reparti\/\"]}]},{\"@type\":\"BreadcrumbList\",\"@id\":\"https:\/\/particuliers.citemomes.fr\/index.php\/2021\/06\/16\/les-ateliers-du-mercredi-cest-reparti\/#breadcrumb\",\"itemListElement\":[{\"@type\":\"ListItem\",\"position\":1,\"name\":\"Accueil\",\"item\":\"https:\/\/particuliers.citemomes.fr\/\"},{\"@type\":\"ListItem\",\"position\":2,\"name\":\"Les ateliers du mercredi : c&#8217;est (re)parti !\"}]},{\"@type\":\"WebSite\",\"@id\":\"http:\/\/particuliers.citemomes.fr\/#website\",\"url\":\"http:\/\/particuliers.citemomes.fr\/\",\"name\":\"\",\"description\":\"D\u00e9couvrir, cr\u00e9er, r\u00eaver !\",\"potentialAction\":[{\"@type\":\"SearchAction\",\"target\":{\"@type\":\"EntryPoint\",\"urlTemplate\":\"http:\/\/particuliers.citemomes.fr\/?s={search_term_string}\"},\"query-input\":\"required name=search_term_string\"}],\"inLanguage\":\"fr-FR\"},{\"@type\":\"Person\",\"@id\":\"\",\"url\":\"https:\/\/particuliers.citemomes.fr\/index.php\/author\/\"}]}<\/script>\n<!-- \/ Yoast SEO plugin. -->","yoast_head_json":{"title":"Les ateliers du mercredi : c'est (re)parti ! -","robots":{"index":"index","follow":"follow","max-snippet":"max-snippet:-1","max-image-preview":"max-image-preview:large","max-video-preview":"max-video-preview:-1"},"canonical":"https:\/\/particuliers.citemomes.fr\/index.php\/2021\/06\/16\/les-ateliers-du-mercredi-cest-reparti\/","og_locale":"fr_FR","og_type":"article","og_title":"Les ateliers du mercredi : c'est (re)parti ! -","og_description":"jjjjjjjj Le&nbsp;mercredi, tout est permis&nbsp;! \ud83d\ude0d Alors, pour la rentr\u00e9e 2021-2022 et pour la quatri\u00e8me ann\u00e9e cons\u00e9cutive,&nbsp;Cit\u00e9m\u00f4mes&nbsp;propose \u00e0 vos enfants \u00e2g\u00e9 entre 4 et 12 ans des&nbsp;ateliers d\u2019arts-plastiques \u00e9co-citoyens&nbsp;\u00e0 l&#8217;ann\u00e9e&nbsp;: de la peinture, du dessin, du bricolage et plein d\u2019autres&nbsp;surprises&nbsp;pour passer une super ann\u00e9e cr\u00e9ative&nbsp;! \ud83c\udfa8 kkkk ,,,,, Les avantages des ateliers \u00e0 l\u2019ann\u00e9e chez&hellip; Lire la suite Les ateliers du mercredi : c&#8217;est (re)parti !","og_url":"https:\/\/particuliers.citemomes.fr\/index.php\/2021\/06\/16\/les-ateliers-du-mercredi-cest-reparti\/","article_published_time":"2021-06-16T08:52:12+00:00","og_image":[{"url":"http:\/\/citemomes.fr\/wp-content\/uploads\/2021\/06\/visuelatmercredi-1-724x1024.png"}],"twitter_card":"summary_large_image","twitter_misc":{"\u00c9crit par":"","Dur\u00e9e de lecture estim\u00e9e":"3 minutes"},"schema":{"@context":"https:\/\/schema.org","@graph":[{"@type":"WebPage","@id":"https:\/\/particuliers.citemomes.fr\/index.php\/2021\/06\/16\/les-ateliers-du-mercredi-cest-reparti\/","url":"https:\/\/particuliers.citemomes.fr\/index.php\/2021\/06\/16\/les-ateliers-du-mercredi-cest-reparti\/","name":"Les ateliers du mercredi : c'est (re)parti ! -","isPartOf":{"@id":"http:\/\/particuliers.citemomes.fr\/#website"},"datePublished":"2021-06-16T08:52:12+00:00","dateModified":"2021-06-16T08:52:12+00:00","author":{"@id":""},"breadcrumb":{"@id":"https:\/\/particuliers.citemomes.fr\/index.php\/2021\/06\/16\/les-ateliers-du-mercredi-cest-reparti\/#breadcrumb"},"inLanguage":"fr-FR","potentialAction":[{"@type":"ReadAction","target":["https:\/\/particuliers.citemomes.fr\/index.php\/2021\/06\/16\/les-ateliers-du-mercredi-cest-reparti\/"]}]},{"@type":"BreadcrumbList","@id":"https:\/\/particuliers.citemomes.fr\/index.php\/2021\/06\/16\/les-ateliers-du-mercredi-cest-reparti\/#breadcrumb","itemListElement":[{"@type":"ListItem","position":1,"name":"Accueil","item":"https:\/\/particuliers.citemomes.fr\/"},{"@type":"ListItem","position":2,"name":"Les ateliers du mercredi : c&#8217;est (re)parti !"}]},{"@type":"WebSite","@id":"http:\/\/particuliers.citemomes.fr\/#website","url":"http:\/\/particuliers.citemomes.fr\/","name":"","description":"D\u00e9couvrir, cr\u00e9er, r\u00eaver !","potentialAction":[{"@type":"SearchAction","target":{"@type":"EntryPoint","urlTemplate":"http:\/\/particuliers.citemomes.fr\/?s={search_term_string}"},"query-input":"required name=search_term_string"}],"inLanguage":"fr-FR"},{"@type":"Person","@id":"","url":"https:\/\/particuliers.citemomes.fr\/index.php\/author\/"}]}},"_links":{"self":[{"href":"https:\/\/particuliers.citemomes.fr\/index.php\/wp-json\/wp\/v2\/posts\/3273"}],"collection":[{"href":"https:\/\/particuliers.citemomes.fr\/index.php\/wp-json\/wp\/v2\/posts"}],"about":[{"href":"https:\/\/particuliers.citemomes.fr\/index.php\/wp-json\/wp\/v2\/types\/post"}],"author":[{"embeddable":true,"href":"https:\/\/particuliers.citemomes.fr\/index.php\/wp-json\/wp\/v2\/users\/2"}],"replies":[{"embeddable":true,"href":"https:\/\/particuliers.citemomes.fr\/index.php\/wp-json\/wp\/v2\/comments?post=3273"}],"version-history":[{"count":0,"href":"https:\/\/particuliers.citemomes.fr\/index.php\/wp-json\/wp\/v2\/posts\/3273\/revisions"}],"wp:attachment":[{"href":"https:\/\/particuliers.citemomes.fr\/index.php\/wp-json\/wp\/v2\/media?parent=3273"}],"wp:term":[{"taxonomy":"category","embeddable":true,"href":"https:\/\/particuliers.citemomes.fr\/index.php\/wp-json\/wp\/v2\/categories?post=3273"},{"taxonomy":"post_tag","embeddable":true,"href":"https:\/\/particuliers.citemomes.fr\/index.php\/wp-json\/wp\/v2\/tags?post=3273"}],"curies":[{"name":"wp","href":"https:\/\/api.w.org\/{rel}","templated":true}]}}