{"id":3534,"date":"2021-09-16T15:42:55","date_gmt":"2021-09-16T14:42:55","guid":{"rendered":"https:\/\/www.citemomes.fr\/?p=3534"},"modified":"2021-09-16T15:42:55","modified_gmt":"2021-09-16T14:42:55","slug":"citemomes-au-grand-forum-des-mobilites","status":"publish","type":"post","link":"https:\/\/particuliers.citemomes.fr\/index.php\/2021\/09\/16\/citemomes-au-grand-forum-des-mobilites\/","title":{"rendered":"Cit\u00e9m\u00f4mes au Grand forum des mobilit\u00e9s !"},"content":{"rendered":"\n<p class=\"has-text-align-center\"><strong><span class=\"has-inline-color has-black-color\">Ce week-end, notre \u00e9quipe sera pr\u00e9sente au Grand Forum des mobilit\u00e9s, organis\u00e9 par la M\u00e9tropole de Rouen avec tout un programme d&#8217;animations et de surprises !\u00a0<\/span><\/strong>\ud83d\udeb2\u263a\ufe0f <\/p>\n\n\n\n<p><span class=\"has-inline-color has-white-color\">iiiiii<\/span><\/p>\n\n\n\n<figure class=\"wp-block-image size-large is-resized\"><img fetchpriority=\"high\" decoding=\"async\" src=\"https:\/\/www.citemomes.fr\/wp-content\/uploads\/2021\/09\/savethedate_forumseptembre2021.png\" alt=\"\" class=\"wp-image-3599\" width=\"580\" height=\"581\"\/><\/figure>\n\n\n\n<p><span class=\"has-inline-color has-white-color\">hhhh<\/span><\/p>\n\n\n\n<h3><span class=\"has-inline-color has-pale-cyan-blue-color\">\ud83d\udeb2<strong><em> <\/em><\/strong><\/span><strong><em><span class=\"has-inline-color has-luminous-vivid-amber-color\">Qu\u2019est-ce que c\u2019est ?&nbsp;<\/span><\/em><\/strong><\/h3>\n\n\n\n<p><span class=\"has-inline-color has-white-color\">iiii<\/span><\/p>\n\n\n\n<p class=\"has-text-align-center\"><span class=\"has-inline-color has-black-color\">Dans le cadre du renouvellement de son Plan des Mobilit\u00e9s, la M\u00e9tropole Rouen Normandie a engag\u00e9 au printemps 2021 une ambitieuse&nbsp; concertation pour penser avec les habitant\u00b7es, les acteurs \u00e9conomiques, les associations, les \u00e9lu\u00b7es, les mobilit\u00e9s de demain et agir ensemble d\u00e8s maintenant.<\/span><\/p>\n\n\n\n<p class=\"has-text-align-center\"><span class=\"has-inline-color has-black-color\">Ainsi, \u00e0 l\u2019occasion de la Semaine europ\u00e9enne de la mobilit\u00e9, la M\u00e9tropole propose un grand forum afin que tous les acteurs du territoire puissent prendre une part active dans cette nouvelle d\u00e9marche participative.<\/span><\/p>\n\n\n\n<p class=\"has-text-align-center\"><span class=\"has-inline-color has-black-color\">Du vendredi 17 au dimanche 19 septembre 2021, il est propos\u00e9 \u00e0 chacun\u00b7e de venir partager leurs exp\u00e9riences et point de vue sur les mobilit\u00e9s d\u2019aujourd\u2019hui et de demain. Des nombreuses activit\u00e9s et<\/span> <span class=\"has-inline-color has-black-color\">animations <strong>gratuites<\/strong> seront propos\u00e9es (y compris pour les enfants samedi et dimanche !)\u2026 Et Cit\u00e9m\u00f4mes sera de la partie ! \ud83e\udd17<\/span><\/p>\n\n\n\n<p><span class=\"has-inline-color has-white-color\">ooo<\/span><\/p>\n\n\n\n<h3><span class=\"has-inline-color has-luminous-vivid-amber-color\">\ud83d\udeb2<strong><em> Nos ateliers :<\/em><\/strong><\/span><\/h3>\n\n\n\n<p><span class=\"has-inline-color has-white-color\">jjjj<\/span><\/p>\n\n\n\n<p><strong><span class=\"has-inline-color has-black-color\">Samedi 18 &amp; dimanche 19 septembre :<\/span><\/strong><\/p>\n\n\n\n<p><span class=\"has-inline-color has-luminous-vivid-amber-color\"><strong>\u2192<\/strong><\/span> <span class=\"has-inline-color has-black-color\">Atelier<\/span> <strong><span class=\"has-inline-color has-luminous-vivid-amber-color\">\u00ab Voyage Carte postale \u00bb<\/span><\/strong>, <span class=\"has-inline-color has-black-color\">pour d\u00e9couvrir de mani\u00e8re ludique, active et cr\u00e9ative la Seine \u00e0 V\u00e9lo (de 10h \u00e0 18h).<\/span><\/p>\n\n\n\n<p><strong><span class=\"has-inline-color has-luminous-vivid-amber-color\">\u2192<\/span><\/strong> <span class=\"has-inline-color has-black-color\">Atelier <\/span><strong><span class=\"has-inline-color has-luminous-vivid-amber-color\">\u00ab Pomponne mon v\u00e9lo \u00bb<\/span><\/strong><span class=\"has-inline-color has-black-color\">, o\u00f9 les participant\u00b7es peuvent r\u00e9aliser des pompons pour d\u00e9corer leurs v\u00e9los ou celui qui sera sur le stand et qui sera habill\u00e9 au furet \u00e0 mesure du week-end (de 10h \u00e0 18h).<\/span><\/p>\n\n\n\n<p><strong><span class=\"has-inline-color has-luminous-vivid-amber-color\">\u2192<\/span><\/strong> <strong><span class=\"has-inline-color has-luminous-vivid-amber-color\">Enqu\u00eate-d\u00e9couverte \u00ab Au bord des quais \u00bb<\/span><\/strong><span class=\"has-inline-color has-black-color\">, o\u00f9 les participant\u00b7es sont invit\u00e9s \u00e0 r\u00e9aliser un parcours entre le 108 et la cath\u00e9drale en autonomie avec des documents qui leurs seront fournis afin de partir \u00e0 la d\u00e9couverte du patrimoine d\u2019hier et d\u2019aujourd\u2019hui autour de la Seine et de la ville de Rouen (de 10h \u00e0 17h).<\/span><\/p>\n\n\n\n<p><span class=\"has-inline-color has-white-color\">kkkk<\/span><\/p>\n\n\n\n<p class=\"has-text-align-center\"><strong><span class=\"has-inline-color has-luminous-vivid-amber-color\">Alors, on s\u2019y retrouve ?! Nous vous attendons nombreu.x.ses !&nbsp;<\/span><\/strong>\ud83d\ude0d<\/p>\n\n\n\n<p class=\"has-text-align-center\"><em><strong><span class=\"has-inline-color has-black-color\">Retrouvez le programme complet de ce week-end sp\u00e9cial sur jeparticipe.metropole-rouen-normandie.fr !&nbsp;<\/span><\/strong><\/em><\/p>\n\n\n\n<p><\/p>\n\n\n<p style=\"text-align: center;\">\n<\/p><p><span style=\"color: #ffffff;\">BoBokkk<\/span><\/p>\n<p style=\"text-align: center;\"><span style=\"color: #000000;\"><a style=\"color: #000000;\" href=\"https:\/\/www.facebook.com\/citemomes\/\"><img decoding=\"async\" class=\"alignnone wp-image-2021\" src=\"http:\/\/citemomes.fr\/wp-content\/uploads\/2020\/03\/Capture-d\u2019\u00e9cran-2020-03-26-\u00e0-21.41.46.png\" sizes=\"(max-width: 48px) 100vw, 48px\" srcset=\"http:\/\/citemomes.fr\/wp-content\/uploads\/2020\/03\/Capture-d\u2019\u00e9cran-2020-03-26-\u00e0-21.41.46.png 1176w, http:\/\/citemomes.fr\/wp-content\/uploads\/2020\/03\/Capture-d\u2019\u00e9cran-2020-03-26-\u00e0-21.41.46-300x288.png 300w, http:\/\/citemomes.fr\/wp-content\/uploads\/2020\/03\/Capture-d\u2019\u00e9cran-2020-03-26-\u00e0-21.41.46-768x737.png 768w, http:\/\/citemomes.fr\/wp-content\/uploads\/2020\/03\/Capture-d\u2019\u00e9cran-2020-03-26-\u00e0-21.41.46-1024x982.png 1024w, http:\/\/citemomes.fr\/wp-content\/uploads\/2020\/03\/Capture-d\u2019\u00e9cran-2020-03-26-\u00e0-21.41.46-643x617.png 643w\" alt=\"\" width=\"48\" height=\"46\"><\/a><em><strong><a style=\"color: #000000;\" href=\"https:\/\/www.instagram.com\/citemomes\/\"><img decoding=\"async\" class=\"alignnone wp-image-2023\" src=\"http:\/\/citemomes.fr\/wp-content\/uploads\/2020\/03\/Capture-d\u2019\u00e9cran-2020-03-26-\u00e0-21.42.25.png\" sizes=\"(max-width: 46px) 100vw, 46px\" srcset=\"http:\/\/citemomes.fr\/wp-content\/uploads\/2020\/03\/Capture-d\u2019\u00e9cran-2020-03-26-\u00e0-21.42.25.png 1462w, http:\/\/citemomes.fr\/wp-content\/uploads\/2020\/03\/Capture-d\u2019\u00e9cran-2020-03-26-\u00e0-21.42.25-150x150.png 150w, http:\/\/citemomes.fr\/wp-content\/uploads\/2020\/03\/Capture-d\u2019\u00e9cran-2020-03-26-\u00e0-21.42.25-297x300.png 297w, http:\/\/citemomes.fr\/wp-content\/uploads\/2020\/03\/Capture-d\u2019\u00e9cran-2020-03-26-\u00e0-21.42.25-768x776.png 768w, http:\/\/citemomes.fr\/wp-content\/uploads\/2020\/03\/Capture-d\u2019\u00e9cran-2020-03-26-\u00e0-21.42.25-1013x1024.png 1013w, http:\/\/citemomes.fr\/wp-content\/uploads\/2020\/03\/Capture-d\u2019\u00e9cran-2020-03-26-\u00e0-21.42.25-200x200.png 200w, http:\/\/citemomes.fr\/wp-content\/uploads\/2020\/03\/Capture-d\u2019\u00e9cran-2020-03-26-\u00e0-21.42.25-643x650.png 643w, http:\/\/citemomes.fr\/wp-content\/uploads\/2020\/03\/Capture-d\u2019\u00e9cran-2020-03-26-\u00e0-21.42.25-75x75.png 75w\" alt=\"\" width=\"46\" height=\"47\"><\/a><a style=\"color: #000000;\" href=\"https:\/\/twitter.com\/Citemomes\"><img loading=\"lazy\" decoding=\"async\" class=\"alignnone wp-image-2024\" src=\"http:\/\/citemomes.fr\/wp-content\/uploads\/2020\/03\/Capture-d\u2019\u00e9cran-2020-03-26-\u00e0-21.44.36.png\" sizes=\"(max-width: 50px) 100vw, 50px\" srcset=\"http:\/\/citemomes.fr\/wp-content\/uploads\/2020\/03\/Capture-d\u2019\u00e9cran-2020-03-26-\u00e0-21.44.36.png 552w, http:\/\/citemomes.fr\/wp-content\/uploads\/2020\/03\/Capture-d\u2019\u00e9cran-2020-03-26-\u00e0-21.44.36-300x261.png 300w\" alt=\"\" width=\"50\" height=\"44\"><img loading=\"lazy\" decoding=\"async\" class=\"alignnone wp-image-2049\" src=\"http:\/\/citemomes.fr\/wp-content\/uploads\/2016\/01\/Capture-d\u2019\u00e9cran-2020-03-26-\u00e0-22.43.35.png\" sizes=\"(max-width: 44px) 100vw, 44px\" srcset=\"http:\/\/citemomes.fr\/wp-content\/uploads\/2016\/01\/Capture-d\u2019\u00e9cran-2020-03-26-\u00e0-22.43.35.png 1024w, http:\/\/citemomes.fr\/wp-content\/uploads\/2016\/01\/Capture-d\u2019\u00e9cran-2020-03-26-\u00e0-22.43.35-287x300.png 287w, http:\/\/citemomes.fr\/wp-content\/uploads\/2016\/01\/Capture-d\u2019\u00e9cran-2020-03-26-\u00e0-22.43.35-768x804.png 768w, http:\/\/citemomes.fr\/wp-content\/uploads\/2016\/01\/Capture-d\u2019\u00e9cran-2020-03-26-\u00e0-22.43.35-978x1024.png 978w, http:\/\/citemomes.fr\/wp-content\/uploads\/2016\/01\/Capture-d\u2019\u00e9cran-2020-03-26-\u00e0-22.43.35-643x673.png 643w\" alt=\"\" width=\"44\" height=\"46\"><\/a><\/strong><\/em><\/span><\/p>\n<h4 style=\"text-align: center;\"><span style=\"color: #008080;\">\u2665<\/span><\/h4>","protected":false},"excerpt":{"rendered":"<p>Ce week-end, notre \u00e9quipe sera pr\u00e9sente au Grand Forum des mobilit\u00e9s, organis\u00e9 par la M\u00e9tropole de Rouen avec tout un programme d&#8217;animations et de surprises !\u00a0\ud83d\udeb2\u263a\ufe0f iiiiii hhhh \ud83d\udeb2 Qu\u2019est-ce que c\u2019est ?&nbsp; iiii Dans le cadre du renouvellement de son Plan des Mobilit\u00e9s, la M\u00e9tropole Rouen Normandie a engag\u00e9 au printemps 2021 une ambitieuse&nbsp;&hellip; <a href=\"https:\/\/particuliers.citemomes.fr\/index.php\/2021\/09\/16\/citemomes-au-grand-forum-des-mobilites\/\" class=\"more-link\">Lire la suite <span class=\"screen-reader-text\">Cit\u00e9m\u00f4mes au Grand forum des mobilit\u00e9s !<\/span><\/a><\/p>\n","protected":false},"author":1,"featured_media":0,"comment_status":"open","ping_status":"open","sticky":false,"template":"","format":"standard","meta":[],"categories":[181],"tags":[226,227,228,229],"yoast_head":"<!-- This site is optimized with the Yoast SEO plugin v20.0 - https:\/\/yoast.com\/wordpress\/plugins\/seo\/ -->\n<title>Cit\u00e9m\u00f4mes au Grand forum des mobilit\u00e9s ! -<\/title>\n<meta name=\"robots\" content=\"index, follow, max-snippet:-1, max-image-preview:large, max-video-preview:-1\" \/>\n<link rel=\"canonical\" href=\"https:\/\/particuliers.citemomes.fr\/index.php\/2021\/09\/16\/citemomes-au-grand-forum-des-mobilites\/\" \/>\n<meta property=\"og:locale\" content=\"fr_FR\" \/>\n<meta property=\"og:type\" content=\"article\" \/>\n<meta property=\"og:title\" content=\"Cit\u00e9m\u00f4mes au Grand forum des mobilit\u00e9s ! -\" \/>\n<meta property=\"og:description\" content=\"Ce week-end, notre \u00e9quipe sera pr\u00e9sente au Grand Forum des mobilit\u00e9s, organis\u00e9 par la M\u00e9tropole de Rouen avec tout un programme d&#8217;animations et de surprises !\u00a0\ud83d\udeb2\u263a\ufe0f iiiiii hhhh \ud83d\udeb2 Qu\u2019est-ce que c\u2019est ?&nbsp; iiii Dans le cadre du renouvellement de son Plan des Mobilit\u00e9s, la M\u00e9tropole Rouen Normandie a engag\u00e9 au printemps 2021 une ambitieuse&nbsp;&hellip; Lire la suite Cit\u00e9m\u00f4mes au Grand forum des mobilit\u00e9s !\" \/>\n<meta property=\"og:url\" content=\"https:\/\/particuliers.citemomes.fr\/index.php\/2021\/09\/16\/citemomes-au-grand-forum-des-mobilites\/\" \/>\n<meta property=\"article:published_time\" content=\"2021-09-16T14:42:55+00:00\" \/>\n<meta property=\"og:image\" content=\"https:\/\/www.citemomes.fr\/wp-content\/uploads\/2021\/09\/savethedate_forumseptembre2021.png\" \/>\n<meta name=\"author\" content=\"admin\" \/>\n<meta name=\"twitter:card\" content=\"summary_large_image\" \/>\n<meta name=\"twitter:label1\" content=\"\u00c9crit par\" \/>\n\t<meta name=\"twitter:data1\" content=\"admin\" \/>\n\t<meta name=\"twitter:label2\" content=\"Dur\u00e9e de lecture estim\u00e9e\" \/>\n\t<meta name=\"twitter:data2\" content=\"3 minutes\" \/>\n<script type=\"application\/ld+json\" class=\"yoast-schema-graph\">{\"@context\":\"https:\/\/schema.org\",\"@graph\":[{\"@type\":\"WebPage\",\"@id\":\"https:\/\/particuliers.citemomes.fr\/index.php\/2021\/09\/16\/citemomes-au-grand-forum-des-mobilites\/\",\"url\":\"https:\/\/particuliers.citemomes.fr\/index.php\/2021\/09\/16\/citemomes-au-grand-forum-des-mobilites\/\",\"name\":\"Cit\u00e9m\u00f4mes au Grand forum des mobilit\u00e9s ! -\",\"isPartOf\":{\"@id\":\"http:\/\/particuliers.citemomes.fr\/#website\"},\"datePublished\":\"2021-09-16T14:42:55+00:00\",\"dateModified\":\"2021-09-16T14:42:55+00:00\",\"author\":{\"@id\":\"http:\/\/particuliers.citemomes.fr\/#\/schema\/person\/b7d2d1ef56f27deb2049e29950fb75f7\"},\"breadcrumb\":{\"@id\":\"https:\/\/particuliers.citemomes.fr\/index.php\/2021\/09\/16\/citemomes-au-grand-forum-des-mobilites\/#breadcrumb\"},\"inLanguage\":\"fr-FR\",\"potentialAction\":[{\"@type\":\"ReadAction\",\"target\":[\"https:\/\/particuliers.citemomes.fr\/index.php\/2021\/09\/16\/citemomes-au-grand-forum-des-mobilites\/\"]}]},{\"@type\":\"BreadcrumbList\",\"@id\":\"https:\/\/particuliers.citemomes.fr\/index.php\/2021\/09\/16\/citemomes-au-grand-forum-des-mobilites\/#breadcrumb\",\"itemListElement\":[{\"@type\":\"ListItem\",\"position\":1,\"name\":\"Accueil\",\"item\":\"https:\/\/particuliers.citemomes.fr\/\"},{\"@type\":\"ListItem\",\"position\":2,\"name\":\"Cit\u00e9m\u00f4mes au Grand forum des mobilit\u00e9s !\"}]},{\"@type\":\"WebSite\",\"@id\":\"http:\/\/particuliers.citemomes.fr\/#website\",\"url\":\"http:\/\/particuliers.citemomes.fr\/\",\"name\":\"\",\"description\":\"D\u00e9couvrir, cr\u00e9er, r\u00eaver !\",\"potentialAction\":[{\"@type\":\"SearchAction\",\"target\":{\"@type\":\"EntryPoint\",\"urlTemplate\":\"http:\/\/particuliers.citemomes.fr\/?s={search_term_string}\"},\"query-input\":\"required name=search_term_string\"}],\"inLanguage\":\"fr-FR\"},{\"@type\":\"Person\",\"@id\":\"http:\/\/particuliers.citemomes.fr\/#\/schema\/person\/b7d2d1ef56f27deb2049e29950fb75f7\",\"name\":\"admin\",\"image\":{\"@type\":\"ImageObject\",\"inLanguage\":\"fr-FR\",\"@id\":\"http:\/\/particuliers.citemomes.fr\/#\/schema\/person\/image\/\",\"url\":\"https:\/\/secure.gravatar.com\/avatar\/2a31050660754423bc44e2e1ec39bd92?s=96&d=mm&r=g\",\"contentUrl\":\"https:\/\/secure.gravatar.com\/avatar\/2a31050660754423bc44e2e1ec39bd92?s=96&d=mm&r=g\",\"caption\":\"admin\"},\"url\":\"https:\/\/particuliers.citemomes.fr\/index.php\/author\/admin\/\"}]}<\/script>\n<!-- \/ Yoast SEO plugin. -->","yoast_head_json":{"title":"Cit\u00e9m\u00f4mes au Grand forum des mobilit\u00e9s ! -","robots":{"index":"index","follow":"follow","max-snippet":"max-snippet:-1","max-image-preview":"max-image-preview:large","max-video-preview":"max-video-preview:-1"},"canonical":"https:\/\/particuliers.citemomes.fr\/index.php\/2021\/09\/16\/citemomes-au-grand-forum-des-mobilites\/","og_locale":"fr_FR","og_type":"article","og_title":"Cit\u00e9m\u00f4mes au Grand forum des mobilit\u00e9s ! -","og_description":"Ce week-end, notre \u00e9quipe sera pr\u00e9sente au Grand Forum des mobilit\u00e9s, organis\u00e9 par la M\u00e9tropole de Rouen avec tout un programme d&#8217;animations et de surprises !\u00a0\ud83d\udeb2\u263a\ufe0f iiiiii hhhh \ud83d\udeb2 Qu\u2019est-ce que c\u2019est ?&nbsp; iiii Dans le cadre du renouvellement de son Plan des Mobilit\u00e9s, la M\u00e9tropole Rouen Normandie a engag\u00e9 au printemps 2021 une ambitieuse&nbsp;&hellip; Lire la suite Cit\u00e9m\u00f4mes au Grand forum des mobilit\u00e9s !","og_url":"https:\/\/particuliers.citemomes.fr\/index.php\/2021\/09\/16\/citemomes-au-grand-forum-des-mobilites\/","article_published_time":"2021-09-16T14:42:55+00:00","og_image":[{"url":"https:\/\/www.citemomes.fr\/wp-content\/uploads\/2021\/09\/savethedate_forumseptembre2021.png"}],"author":"admin","twitter_card":"summary_large_image","twitter_misc":{"\u00c9crit par":"admin","Dur\u00e9e de lecture estim\u00e9e":"3 minutes"},"schema":{"@context":"https:\/\/schema.org","@graph":[{"@type":"WebPage","@id":"https:\/\/particuliers.citemomes.fr\/index.php\/2021\/09\/16\/citemomes-au-grand-forum-des-mobilites\/","url":"https:\/\/particuliers.citemomes.fr\/index.php\/2021\/09\/16\/citemomes-au-grand-forum-des-mobilites\/","name":"Cit\u00e9m\u00f4mes au Grand forum des mobilit\u00e9s ! -","isPartOf":{"@id":"http:\/\/particuliers.citemomes.fr\/#website"},"datePublished":"2021-09-16T14:42:55+00:00","dateModified":"2021-09-16T14:42:55+00:00","author":{"@id":"http:\/\/particuliers.citemomes.fr\/#\/schema\/person\/b7d2d1ef56f27deb2049e29950fb75f7"},"breadcrumb":{"@id":"https:\/\/particuliers.citemomes.fr\/index.php\/2021\/09\/16\/citemomes-au-grand-forum-des-mobilites\/#breadcrumb"},"inLanguage":"fr-FR","potentialAction":[{"@type":"ReadAction","target":["https:\/\/particuliers.citemomes.fr\/index.php\/2021\/09\/16\/citemomes-au-grand-forum-des-mobilites\/"]}]},{"@type":"BreadcrumbList","@id":"https:\/\/particuliers.citemomes.fr\/index.php\/2021\/09\/16\/citemomes-au-grand-forum-des-mobilites\/#breadcrumb","itemListElement":[{"@type":"ListItem","position":1,"name":"Accueil","item":"https:\/\/particuliers.citemomes.fr\/"},{"@type":"ListItem","position":2,"name":"Cit\u00e9m\u00f4mes au Grand forum des mobilit\u00e9s !"}]},{"@type":"WebSite","@id":"http:\/\/particuliers.citemomes.fr\/#website","url":"http:\/\/particuliers.citemomes.fr\/","name":"","description":"D\u00e9couvrir, cr\u00e9er, r\u00eaver !","potentialAction":[{"@type":"SearchAction","target":{"@type":"EntryPoint","urlTemplate":"http:\/\/particuliers.citemomes.fr\/?s={search_term_string}"},"query-input":"required name=search_term_string"}],"inLanguage":"fr-FR"},{"@type":"Person","@id":"http:\/\/particuliers.citemomes.fr\/#\/schema\/person\/b7d2d1ef56f27deb2049e29950fb75f7","name":"admin","image":{"@type":"ImageObject","inLanguage":"fr-FR","@id":"http:\/\/particuliers.citemomes.fr\/#\/schema\/person\/image\/","url":"https:\/\/secure.gravatar.com\/avatar\/2a31050660754423bc44e2e1ec39bd92?s=96&d=mm&r=g","contentUrl":"https:\/\/secure.gravatar.com\/avatar\/2a31050660754423bc44e2e1ec39bd92?s=96&d=mm&r=g","caption":"admin"},"url":"https:\/\/particuliers.citemomes.fr\/index.php\/author\/admin\/"}]}},"_links":{"self":[{"href":"https:\/\/particuliers.citemomes.fr\/index.php\/wp-json\/wp\/v2\/posts\/3534"}],"collection":[{"href":"https:\/\/particuliers.citemomes.fr\/index.php\/wp-json\/wp\/v2\/posts"}],"about":[{"href":"https:\/\/particuliers.citemomes.fr\/index.php\/wp-json\/wp\/v2\/types\/post"}],"author":[{"embeddable":true,"href":"https:\/\/particuliers.citemomes.fr\/index.php\/wp-json\/wp\/v2\/users\/1"}],"replies":[{"embeddable":true,"href":"https:\/\/particuliers.citemomes.fr\/index.php\/wp-json\/wp\/v2\/comments?post=3534"}],"version-history":[{"count":0,"href":"https:\/\/particuliers.citemomes.fr\/index.php\/wp-json\/wp\/v2\/posts\/3534\/revisions"}],"wp:attachment":[{"href":"https:\/\/particuliers.citemomes.fr\/index.php\/wp-json\/wp\/v2\/media?parent=3534"}],"wp:term":[{"taxonomy":"category","embeddable":true,"href":"https:\/\/particuliers.citemomes.fr\/index.php\/wp-json\/wp\/v2\/categories?post=3534"},{"taxonomy":"post_tag","embeddable":true,"href":"https:\/\/particuliers.citemomes.fr\/index.php\/wp-json\/wp\/v2\/tags?post=3534"}],"curies":[{"name":"wp","href":"https:\/\/api.w.org\/{rel}","templated":true}]}}