{"id":4038,"date":"2021-05-17T18:00:50","date_gmt":"2021-05-17T17:00:50","guid":{"rendered":"http:\/\/citemomes.fr\/?p=3170"},"modified":"2021-05-17T18:00:50","modified_gmt":"2021-05-17T17:00:50","slug":"citemomes-x-moho-car-ce-sont-les-jeunes-qui-font-demain","status":"publish","type":"post","link":"https:\/\/particuliers.citemomes.fr\/index.php\/2021\/05\/17\/citemomes-x-moho-car-ce-sont-les-jeunes-qui-font-demain\/","title":{"rendered":"Cit\u00e9m\u00f4mes X MoHo : car ce sont les jeunes qui font demain !"},"content":{"rendered":"\n<figure class=\"wp-block-image size-large\"><a href=\"https:\/\/tricoteunsourire.files.wordpress.com\/2021\/05\/banniere.jpg\"><img decoding=\"async\" src=\"https:\/\/tricoteunsourire.files.wordpress.com\/2021\/05\/banniere.jpg?w=1024\" alt=\"\" class=\"wp-image-10020\"\/><\/a><\/figure>\n\n\n\n<p><span class=\"has-inline-color has-white-color\">jjjjjjjj<\/span><\/p>\n\n\n\n<p class=\"has-text-align-center\"><span class=\"has-inline-color has-black-color\">Notre \u00e9quipe est tr\u00e8s heureuse de vous annoncer sa collaboration avec le <strong>MoHo<\/strong>, \u00e0 l&#8217;occasion de l&#8217;ouverture du lieu et de sa campagne de crowdfunding d\u00e9di\u00e9e aux projets des plus jeunes ! Rejoignez la communaut\u00e9 du <strong>MoHo<\/strong> et participez \u00e0 la r\u00e9alisation de leur drapeau en tricot ! \ud83d\ude42<\/span><\/p>\n\n\n\n<p class=\"has-text-align-center\"><span class=\"has-inline-color has-black-color\">On vous explique tout ci-dessous ! <\/span>\ud83d\udd0d<\/p>\n\n\n\n<p><span class=\"has-inline-color has-white-color\">kkkk<\/span><\/p>\n\n\n\n<h3>\ud83d\ude80 <strong><em><span style=\"color:#a33a00;\" class=\"has-inline-color\">Le &#8220;MoHo&#8221;, c&#8217;est quoi ?<\/span><\/em><\/strong><\/h3>\n\n\n\n<p class=\"has-text-align-center\"><span class=\"has-inline-color has-black-color\">Situ\u00e9 \u00e0 Caen, en plein coeur de la Normandie, le <strong>MoHo<\/strong> est le premier collider europ\u00e9en r\u00e9unissant des entrepreneurs, chercheurs, artistes, corporates, ONG, citoyens dans un lieu unique de 7,500m2 ouvert et accessible \u00e0 tous. V\u00e9ritable lieu hybride d\u00e9di\u00e9 au d\u00e9veloppement de solutions d&#8217;avenir, le <strong>MoHo<\/strong> ouvre ses ambassades dans le monde entier dont Paris, San Francisco and Ho Chi MinH City.<\/span><\/p>\n\n\n\n<p class=\"has-text-align-center\"><span class=\"has-inline-color has-black-color\">Soixante-seize ans apr\u00e8s le D\u00e9barquement, le <strong>MoHo<\/strong> forme une communaut\u00e9 internationale de changemakers s&#8217;inspirant des valeurs du D-Day pour \u00e0 relever des d\u00e9fis plan\u00e9taires, et lancer leur propre &#8220;D-Day du positive impact&#8221;. <\/span><\/p>\n\n\n\n<p class=\"has-text-align-center\"><strong><span class=\"has-inline-color has-black-color\">Plus d&#8217;informations sur le lieu : <\/span><\/strong><a href=\"https:\/\/www.moho.co\/fr\/moho-hq\/\"><span class=\"has-inline-color has-black-color\">https:\/\/www.moho.co\/fr\/moho-hq\/<\/span><\/a><\/p>\n\n\n\n<p><span class=\"has-inline-color has-white-color\">nnnn<\/span><\/p>\n\n\n\n<figure class=\"wp-block-image size-large\"><a href=\"https:\/\/tricoteunsourire.files.wordpress.com\/2021\/05\/blason402x.png\"><img decoding=\"async\" src=\"https:\/\/tricoteunsourire.files.wordpress.com\/2021\/05\/blason402x.png?w=1024\" alt=\"\" class=\"wp-image-10002\"\/><\/a><\/figure>\n\n\n\n<p><span class=\"has-inline-color has-white-color\">jjj<\/span><\/p>\n\n\n\n<h3>\ud83d\ude80 <strong><em><span style=\"color:#a33a00;\" class=\"has-inline-color\">La campagne de crowdfunding : <\/span><\/em><\/strong><\/h3>\n\n\n\n<p><span class=\"has-inline-color has-white-color\">kkk<\/span><\/p>\n\n\n\n<figure class=\"wp-block-image size-large\"><a href=\"https:\/\/tricoteunsourire.files.wordpress.com\/2021\/05\/gif-intro4.gif\"><img decoding=\"async\" src=\"https:\/\/tricoteunsourire.files.wordpress.com\/2021\/05\/gif-intro4.gif?w=665\" alt=\"\" class=\"wp-image-9998\"\/><\/a><\/figure>\n\n\n\n<p><span class=\"has-inline-color has-white-color\">jjjj<\/span><\/p>\n\n\n\n<p class=\"has-text-align-center\"><span class=\"has-inline-color has-black-color\">Ainsi, le <strong>MoHo<\/strong>, d\u00e9di\u00e9 au d\u00e9veloppement de solutions d&#8217;avenir, et le D-Day Innovation Overlord Foundation, fonds de dotation finan\u00e7ant des solutions d\u2019int\u00e9r\u00eat g\u00e9n\u00e9ral, s\u2019associent pour accompagner les jeunes dans le d\u00e9veloppement de solutions d\u2019avenir. En plus d\u2019un espace d\u00e9di\u00e9 au sein du <strong>MoHo<\/strong>, les porteurs de projets choisis b\u00e9n\u00e9ficieront d\u2019un soutien financier, de ressources, de r\u00e9seaux, d&#8217;un accompagnement cibl\u00e9&#8230;Tout un programme !<\/span><\/p>\n\n\n\n<p class=\"has-text-align-center\"><span class=\"has-inline-color has-black-color\">Mais pour le mener \u00e0 bien, ils ont besoin de vous, et lancent ainsi leur campagne de crowdfunding sur la plateforme <strong>Ulule<\/strong> !<\/span><\/p>\n\n\n\n<p><span class=\"has-inline-color has-white-color\">kkkkkk<\/span><\/p>\n\n\n\n<p>\ud83d\udca5 <strong><span style=\"color:#00a325\" class=\"has-inline-color\">Ce Fonds permettra&nbsp;:&nbsp;&nbsp;<\/span><\/strong><\/p>\n\n\n\n<ul><li><strong><span style=\"color:#00a325\" class=\"has-inline-color\">&#8211; <\/span><\/strong><span class=\"has-inline-color has-black-color\">Aux&nbsp;<strong>jeunes<\/strong>&nbsp;de&nbsp;<strong>s\u2019approprier<\/strong>&nbsp;l&#8217;espace <strong>MoHo<\/strong> de&nbsp;<strong>1 000m2<\/strong>&nbsp;d\u00e9di\u00e9 \u00e0 la jeunesse et de&nbsp;<strong>l\u2019animer<\/strong>&nbsp;en d\u00e9finissant une programmation culturelle, sportive, \u00e9ducative, \u00e0 impact etc.&nbsp;;<\/span><\/li><li><strong><span style=\"color:#00a325\" class=\"has-inline-color\">&#8211;<\/span><\/strong> <span class=\"has-inline-color has-black-color\">De&nbsp;<strong>soutenir<\/strong>&nbsp;et&nbsp;<strong>d&#8217;accompagner<\/strong>&nbsp;les initiatives d&#8217;int\u00e9r\u00eat g\u00e9n\u00e9ral de&nbsp;<strong>jeunes porteurs de projet de 8 \u00e0 27 ans<\/strong>&nbsp;portant sur les d\u00e9fis contemporains auxquels ils doivent faire face tels que l&#8217;Education, l&#8217;Inclusion, la Sant\u00e9, la Biodiversit\u00e9, l&#8217;Alimentation, l&#8217;Energie et le Climat,<\/span><\/li><li><strong><span style=\"color:#00a325\" class=\"has-inline-color\">&#8211;<\/span><\/strong> <span class=\"has-inline-color has-black-color\">De voir un chouette projet \u00eatre accompagn\u00e9 tous les trois mois ! \ud83d\ude09 <\/span><\/li><li><span class=\"has-inline-color has-white-color\">jjjj<\/span><\/li><\/ul>\n\n\n\n<p>\ud83d\udca5 <strong><span style=\"color:#00a325\" class=\"has-inline-color\">En soutenant cette campagne, vous :<\/span><\/strong><\/p>\n\n\n\n<ul><li><span style=\"color:#00a325\" class=\"has-inline-color\"><strong>&#8211;<\/strong> <\/span><span class=\"has-inline-color has-black-color\"><strong>Participez<\/strong> \u00e0 l&#8217;am\u00e9nagement et \u00e0 l&#8217;animation&nbsp;de ce lieu d\u00e9di\u00e9 ;<\/span><\/li><li><strong><span style=\"color:#00a325\" class=\"has-inline-color\">&#8211;<\/span><\/strong> <span class=\"has-inline-color has-black-color\"><strong>Financez<\/strong> les projets port\u00e9s par ceux qui font demain ;&nbsp;<\/span><\/li><li><strong><span style=\"color:#00a325\" class=\"has-inline-color\">&#8211;<\/span><\/strong> <span class=\"has-inline-color has-black-color\"><strong>Donnez les moyens<\/strong> aux g\u00e9n\u00e9rations futures de construire leur avenir.<\/span><\/li><li><span class=\"has-inline-color has-white-color\">jjjj<\/span><\/li><\/ul>\n\n\n\n<p>\ud83d\udca5 <strong><span style=\"color:#00a325\" class=\"has-inline-color\">Et Cit\u00e9m\u00f4mes dans tout \u00e7a ?<\/span><\/strong><\/p>\n\n\n\n<p class=\"has-text-align-center\"><span class=\"has-inline-color has-black-color\">La collaboration <strong>MoHo X Cit\u00e9m\u00f4mes<\/strong> remonte \u00e0 une chouette rencontre en d\u00e9cembre 2019, lors d&#8217;une soir\u00e9e consacr\u00e9e aux ambassadeurs normands. Nous y avions fait la connaissance de l&#8217;\u00e9quipe du <strong>MoHo<\/strong> et tout de suite imagin\u00e9 la r\u00e9alisation de leur super drapeau en petits carr\u00e9s de tricot. Ainsi, c&#8217;est avec un grand plaisir que nous prenons part \u00e0 cette campagne ! Chaque don \u00e0 partir de 15\u20ac permettra d&#8217;ajouter un carr\u00e9 \u00e0 l&#8217;\u00e9difice&#8230; Et de r\u00e9aliser, petit \u00e0 petit, une oeuvre g\u00e9ante qui pourra habiller les lieux et accompagner les repr\u00e9sentants du <strong>MoHo<\/strong> partout dans le monde. \ud83c\udf0d La taille de l&#8217;oeuvre d\u00e9pendra du nombre de dons recueillis&#8230; Alors n&#8217;h\u00e9sitez plus \u00e0 rejoindre l&#8217;aventure ! <\/span><\/p>\n\n\n\n<p class=\"has-text-align-center\"><span class=\"has-inline-color has-black-color\">\u27a1\ufe0f Pour participer et d\u00e9couvrir les diff\u00e9rentes contreparties, <strong><a href=\"https:\/\/fr.ulule.com\/moho-nation\/\">RDV ICI<\/a><\/strong> !<\/span><\/p>\n\n\n\n<p class=\"has-text-align-center\"><em><span style=\"color:#00a325\" class=\"has-inline-color\">(Tous les dons sont d\u00e9fiscalis\u00e9s (66% pour les particuliers, 60% pour les entreprises !))<\/span><\/em><\/p>\n\n\n\n<p><span class=\"has-inline-color has-white-color\">nnnn<\/span><\/p>\n\n\n\n<figure class=\"wp-block-embed-youtube wp-block-embed is-type-video is-provider-youtube wp-embed-aspect-16-9 wp-has-aspect-ratio\"><div class=\"wp-block-embed__wrapper\">\n<iframe title=\"MOHO \/ Soutenez les jeunes acteurs du changement\" width=\"825\" height=\"464\" src=\"https:\/\/www.youtube.com\/embed\/thmZXmP4pic?start=1&#038;feature=oembed\" frameborder=\"0\" allow=\"accelerometer; autoplay; clipboard-write; encrypted-media; gyroscope; picture-in-picture\" allowfullscreen><\/iframe>\n<\/div><\/figure>\n\n\n\n<p><span class=\"has-inline-color has-white-color\">nnnnn<\/span><\/p>\n\n\n\n<h3>\ud83d\ude80 <strong><em><span style=\"color:#a33a00;\" class=\"has-inline-color\">Membre de la communaut\u00e9 Cit\u00e9m\u00f4mes : comment participer ?! <\/span><\/em><\/strong><\/h3>\n\n\n\n<p><span class=\"has-inline-color has-white-color\">,,,,,,<\/span><\/p>\n\n\n\n<p class=\"has-text-align-center\"><span class=\"has-inline-color has-black-color\"><strong>Il existe deux fa\u00e7ons pour vous de soutenir le projet : <\/strong><\/span><\/p>\n\n\n\n<p class=\"has-text-align-center\">\ud83d\udca5 <span style=\"color:#00a325\" class=\"has-inline-color\"><strong>&#8211;<\/strong> <\/span><span class=\"has-inline-color has-black-color\">En participant financi\u00e8rement \u00e0 la campagne de crowdfunding, disponible juste ici :<a href=\" https:\/\/fr.ulule.com\/moho-nation\/\"> https:\/\/fr.ulule.com\/moho-nation\/<\/a>. De chouettes contributions vous y attendent \u00e0 partir de 5\u20ac. Psssst&#8230; \u00c0 partir de 15\u20ac, un pixel de tricot rejoint le drapeau g\u00e9ant final ! \ud83d\ude09<\/span><\/p>\n\n\n\n<p>\ud83d\udca5 <strong><span style=\"color:#00a325\" class=\"has-inline-color\">&#8211;<\/span><\/strong><span class=\"has-inline-color has-black-color\"> En tricotant ou crochetant des petits carr\u00e9s dans les tons du futur drapeau, tel que ci-dessous (et en nous les faisant parvenir avant la fin du mois de juin prochain !) : <\/span><\/p>\n\n\n\n<figure class=\"wp-block-image size-large\"><a href=\"https:\/\/tricoteunsourire.files.wordpress.com\/2021\/05\/capture-decc81cran-2021-05-17-acc80-10.34.05.png\"><img decoding=\"async\" src=\"https:\/\/tricoteunsourire.files.wordpress.com\/2021\/05\/capture-decc81cran-2021-05-17-acc80-10.34.05.png?w=1024\" alt=\"\" class=\"wp-image-10005\"\/><\/a><\/figure>\n\n\n\n<p class=\"has-text-align-center\"><strong><span class=\"has-inline-color has-black-color\">Alors, pr\u00eats \u00e0 rejoindre la belle aventure MoHo avec nous ? \ud83d\ude42 <\/span><\/strong><\/p>\n\n\n\n<p class=\"has-text-align-center\"><span class=\"has-inline-color has-black-color\">Notre \u00e9quipe est tr\u00e8s heureuse de soutenir cette belle initiative. Plus qu\u2019hier, autant que demain, elle est n\u00e9cessaire ! Pour que la jeunesse puisse s\u2019approprier l\u2019avenir et lui donner une dynamique positive. \ud83d\ude80<\/span><\/p>\n\n\n\n<p class=\"has-text-align-center\"><strong><span class=\"has-inline-color has-black-color\">Pour toute question \u00e0 propos de la campagne, n&#8217;h\u00e9sitez pas \u00e0 nous contacter \u00e0 l&#8217;adresse associationcitemomes@gmail.com. <\/span><\/strong><\/p>\n\n\n\n<p><span class=\"has-inline-color has-white-color\">kkk<\/span><\/p>\n\n\n\n<p class=\"has-text-align-center\"><strong><span style=\"color:#00a325\" class=\"has-inline-color\">SUIVRE\/CONTACTER LE MOHO :<\/span><\/strong><\/p>\n\n\n\n<p class=\"has-text-align-center\"><strong><span class=\"has-inline-color has-black-color\">\ud83d\ude80 LE SITE :&nbsp;<\/span><\/strong><a href=\"https:\/\/www.moho.co\/fr\/\"><span class=\"has-inline-color has-black-color\">https:\/\/www.moho.co\/fr\/<\/span><\/a><\/p>\n\n\n\n<p class=\"has-text-align-center\"><span class=\"has-inline-color has-black-color\"><strong>\ud83d\ude80 FACEBOOK :\u00a0<\/strong><a href=\"https:\/\/www.facebook.com\/MohoNation \">https:\/\/www.facebook.com\/MohoNation <\/a><\/span><\/p>\n\n\n\n<p class=\"has-text-align-center\"><strong><span class=\"has-inline-color has-black-color\">\ud83d\ude80 INSTAGRAM :&nbsp;<\/span><\/strong><a href=\"https:\/\/www.instagram.com\/lesmadelainesfr\/\"><span class=\"has-inline-color has-black-color\">https:\/\/www.instagram.com\/mohonation\/<\/span><\/a><\/p>\n\n\n\n<p class=\"has-text-align-center\"><strong>\ud83d\ude80 <span class=\"has-inline-color has-black-color\">TWITTER :&nbsp;<\/span><\/strong><a href=\"https:\/\/twitter.com\/joinmoho?lang=fr\"><span class=\"has-inline-color has-black-color\">https:\/\/twitter.com\/joinmoho?lang=fr<\/span><\/a><\/p>\n\n\n\n<p class=\"has-text-align-center\"><strong>\ud83d\ude80 <span class=\"has-inline-color has-black-color\">LINKEDIN :&nbsp;<\/span><\/strong><a href=\"https:\/\/www.linkedin.com\/company\/moho-nation\/\"><span class=\"has-inline-color has-black-color\">https:\/\/www.linkedin.com\/company\/moho-nation\/<\/span><\/a><\/p>\n\n\n\n<p><\/p>\n\n\n\n<p><\/p>\n\n\n\n<p><\/p>\n","protected":false},"excerpt":{"rendered":"<p>jjjjjjjj Notre \u00e9quipe est tr\u00e8s heureuse de vous annoncer sa collaboration avec le MoHo, \u00e0 l&#8217;occasion de l&#8217;ouverture du lieu et de sa campagne de crowdfunding d\u00e9di\u00e9e aux projets des plus jeunes ! Rejoignez la communaut\u00e9 du MoHo et participez \u00e0 la r\u00e9alisation de leur drapeau en tricot ! \ud83d\ude42 On vous explique tout ci-dessous&hellip; <a href=\"https:\/\/particuliers.citemomes.fr\/index.php\/2021\/05\/17\/citemomes-x-moho-car-ce-sont-les-jeunes-qui-font-demain\/\" class=\"more-link\">Lire la suite <span class=\"screen-reader-text\">Cit\u00e9m\u00f4mes X MoHo : car ce sont les jeunes qui font demain !<\/span><\/a><\/p>\n","protected":false},"author":2,"featured_media":0,"comment_status":"open","ping_status":"open","sticky":false,"template":"","format":"standard","meta":[],"categories":[172,181],"tags":[196,197],"yoast_head":"<!-- This site is optimized with the Yoast SEO plugin v20.0 - https:\/\/yoast.com\/wordpress\/plugins\/seo\/ -->\n<title>Cit\u00e9m\u00f4mes X MoHo : car ce sont les jeunes qui font demain ! -<\/title>\n<meta name=\"robots\" content=\"index, follow, max-snippet:-1, max-image-preview:large, max-video-preview:-1\" \/>\n<link rel=\"canonical\" href=\"https:\/\/particuliers.citemomes.fr\/index.php\/2021\/05\/17\/citemomes-x-moho-car-ce-sont-les-jeunes-qui-font-demain\/\" \/>\n<meta property=\"og:locale\" content=\"fr_FR\" \/>\n<meta property=\"og:type\" content=\"article\" \/>\n<meta property=\"og:title\" content=\"Cit\u00e9m\u00f4mes X MoHo : car ce sont les jeunes qui font demain ! -\" \/>\n<meta property=\"og:description\" content=\"jjjjjjjj Notre \u00e9quipe est tr\u00e8s heureuse de vous annoncer sa collaboration avec le MoHo, \u00e0 l&#8217;occasion de l&#8217;ouverture du lieu et de sa campagne de crowdfunding d\u00e9di\u00e9e aux projets des plus jeunes ! Rejoignez la communaut\u00e9 du MoHo et participez \u00e0 la r\u00e9alisation de leur drapeau en tricot ! \ud83d\ude42 On vous explique tout ci-dessous&hellip; Lire la suite Cit\u00e9m\u00f4mes X MoHo : car ce sont les jeunes qui font demain !\" \/>\n<meta property=\"og:url\" content=\"https:\/\/particuliers.citemomes.fr\/index.php\/2021\/05\/17\/citemomes-x-moho-car-ce-sont-les-jeunes-qui-font-demain\/\" \/>\n<meta property=\"article:published_time\" content=\"2021-05-17T17:00:50+00:00\" \/>\n<meta property=\"og:image\" content=\"https:\/\/tricoteunsourire.files.wordpress.com\/2021\/05\/banniere.jpg?w=1024\" \/>\n<meta name=\"twitter:card\" content=\"summary_large_image\" \/>\n<meta name=\"twitter:label1\" content=\"\u00c9crit par\" \/>\n\t<meta name=\"twitter:data1\" content=\"\" \/>\n\t<meta name=\"twitter:label2\" content=\"Dur\u00e9e de lecture estim\u00e9e\" \/>\n\t<meta name=\"twitter:data2\" content=\"4 minutes\" \/>\n<script type=\"application\/ld+json\" class=\"yoast-schema-graph\">{\"@context\":\"https:\/\/schema.org\",\"@graph\":[{\"@type\":\"WebPage\",\"@id\":\"https:\/\/particuliers.citemomes.fr\/index.php\/2021\/05\/17\/citemomes-x-moho-car-ce-sont-les-jeunes-qui-font-demain\/\",\"url\":\"https:\/\/particuliers.citemomes.fr\/index.php\/2021\/05\/17\/citemomes-x-moho-car-ce-sont-les-jeunes-qui-font-demain\/\",\"name\":\"Cit\u00e9m\u00f4mes X MoHo : car ce sont les jeunes qui font demain ! -\",\"isPartOf\":{\"@id\":\"http:\/\/particuliers.citemomes.fr\/#website\"},\"datePublished\":\"2021-05-17T17:00:50+00:00\",\"dateModified\":\"2021-05-17T17:00:50+00:00\",\"author\":{\"@id\":\"\"},\"breadcrumb\":{\"@id\":\"https:\/\/particuliers.citemomes.fr\/index.php\/2021\/05\/17\/citemomes-x-moho-car-ce-sont-les-jeunes-qui-font-demain\/#breadcrumb\"},\"inLanguage\":\"fr-FR\",\"potentialAction\":[{\"@type\":\"ReadAction\",\"target\":[\"https:\/\/particuliers.citemomes.fr\/index.php\/2021\/05\/17\/citemomes-x-moho-car-ce-sont-les-jeunes-qui-font-demain\/\"]}]},{\"@type\":\"BreadcrumbList\",\"@id\":\"https:\/\/particuliers.citemomes.fr\/index.php\/2021\/05\/17\/citemomes-x-moho-car-ce-sont-les-jeunes-qui-font-demain\/#breadcrumb\",\"itemListElement\":[{\"@type\":\"ListItem\",\"position\":1,\"name\":\"Accueil\",\"item\":\"https:\/\/particuliers.citemomes.fr\/\"},{\"@type\":\"ListItem\",\"position\":2,\"name\":\"Cit\u00e9m\u00f4mes X MoHo : car ce sont les jeunes qui font demain !\"}]},{\"@type\":\"WebSite\",\"@id\":\"http:\/\/particuliers.citemomes.fr\/#website\",\"url\":\"http:\/\/particuliers.citemomes.fr\/\",\"name\":\"\",\"description\":\"D\u00e9couvrir, cr\u00e9er, r\u00eaver !\",\"potentialAction\":[{\"@type\":\"SearchAction\",\"target\":{\"@type\":\"EntryPoint\",\"urlTemplate\":\"http:\/\/particuliers.citemomes.fr\/?s={search_term_string}\"},\"query-input\":\"required name=search_term_string\"}],\"inLanguage\":\"fr-FR\"},{\"@type\":\"Person\",\"@id\":\"\",\"url\":\"https:\/\/particuliers.citemomes.fr\/index.php\/author\/\"}]}<\/script>\n<!-- \/ Yoast SEO plugin. -->","yoast_head_json":{"title":"Cit\u00e9m\u00f4mes X MoHo : car ce sont les jeunes qui font demain ! -","robots":{"index":"index","follow":"follow","max-snippet":"max-snippet:-1","max-image-preview":"max-image-preview:large","max-video-preview":"max-video-preview:-1"},"canonical":"https:\/\/particuliers.citemomes.fr\/index.php\/2021\/05\/17\/citemomes-x-moho-car-ce-sont-les-jeunes-qui-font-demain\/","og_locale":"fr_FR","og_type":"article","og_title":"Cit\u00e9m\u00f4mes X MoHo : car ce sont les jeunes qui font demain ! -","og_description":"jjjjjjjj Notre \u00e9quipe est tr\u00e8s heureuse de vous annoncer sa collaboration avec le MoHo, \u00e0 l&#8217;occasion de l&#8217;ouverture du lieu et de sa campagne de crowdfunding d\u00e9di\u00e9e aux projets des plus jeunes ! Rejoignez la communaut\u00e9 du MoHo et participez \u00e0 la r\u00e9alisation de leur drapeau en tricot ! \ud83d\ude42 On vous explique tout ci-dessous&hellip; Lire la suite Cit\u00e9m\u00f4mes X MoHo : car ce sont les jeunes qui font demain !","og_url":"https:\/\/particuliers.citemomes.fr\/index.php\/2021\/05\/17\/citemomes-x-moho-car-ce-sont-les-jeunes-qui-font-demain\/","article_published_time":"2021-05-17T17:00:50+00:00","og_image":[{"url":"https:\/\/tricoteunsourire.files.wordpress.com\/2021\/05\/banniere.jpg?w=1024"}],"twitter_card":"summary_large_image","twitter_misc":{"\u00c9crit par":"","Dur\u00e9e de lecture estim\u00e9e":"4 minutes"},"schema":{"@context":"https:\/\/schema.org","@graph":[{"@type":"WebPage","@id":"https:\/\/particuliers.citemomes.fr\/index.php\/2021\/05\/17\/citemomes-x-moho-car-ce-sont-les-jeunes-qui-font-demain\/","url":"https:\/\/particuliers.citemomes.fr\/index.php\/2021\/05\/17\/citemomes-x-moho-car-ce-sont-les-jeunes-qui-font-demain\/","name":"Cit\u00e9m\u00f4mes X MoHo : car ce sont les jeunes qui font demain ! -","isPartOf":{"@id":"http:\/\/particuliers.citemomes.fr\/#website"},"datePublished":"2021-05-17T17:00:50+00:00","dateModified":"2021-05-17T17:00:50+00:00","author":{"@id":""},"breadcrumb":{"@id":"https:\/\/particuliers.citemomes.fr\/index.php\/2021\/05\/17\/citemomes-x-moho-car-ce-sont-les-jeunes-qui-font-demain\/#breadcrumb"},"inLanguage":"fr-FR","potentialAction":[{"@type":"ReadAction","target":["https:\/\/particuliers.citemomes.fr\/index.php\/2021\/05\/17\/citemomes-x-moho-car-ce-sont-les-jeunes-qui-font-demain\/"]}]},{"@type":"BreadcrumbList","@id":"https:\/\/particuliers.citemomes.fr\/index.php\/2021\/05\/17\/citemomes-x-moho-car-ce-sont-les-jeunes-qui-font-demain\/#breadcrumb","itemListElement":[{"@type":"ListItem","position":1,"name":"Accueil","item":"https:\/\/particuliers.citemomes.fr\/"},{"@type":"ListItem","position":2,"name":"Cit\u00e9m\u00f4mes X MoHo : car ce sont les jeunes qui font demain !"}]},{"@type":"WebSite","@id":"http:\/\/particuliers.citemomes.fr\/#website","url":"http:\/\/particuliers.citemomes.fr\/","name":"","description":"D\u00e9couvrir, cr\u00e9er, r\u00eaver !","potentialAction":[{"@type":"SearchAction","target":{"@type":"EntryPoint","urlTemplate":"http:\/\/particuliers.citemomes.fr\/?s={search_term_string}"},"query-input":"required name=search_term_string"}],"inLanguage":"fr-FR"},{"@type":"Person","@id":"","url":"https:\/\/particuliers.citemomes.fr\/index.php\/author\/"}]}},"_links":{"self":[{"href":"https:\/\/particuliers.citemomes.fr\/index.php\/wp-json\/wp\/v2\/posts\/4038"}],"collection":[{"href":"https:\/\/particuliers.citemomes.fr\/index.php\/wp-json\/wp\/v2\/posts"}],"about":[{"href":"https:\/\/particuliers.citemomes.fr\/index.php\/wp-json\/wp\/v2\/types\/post"}],"author":[{"embeddable":true,"href":"https:\/\/particuliers.citemomes.fr\/index.php\/wp-json\/wp\/v2\/users\/2"}],"replies":[{"embeddable":true,"href":"https:\/\/particuliers.citemomes.fr\/index.php\/wp-json\/wp\/v2\/comments?post=4038"}],"version-history":[{"count":0,"href":"https:\/\/particuliers.citemomes.fr\/index.php\/wp-json\/wp\/v2\/posts\/4038\/revisions"}],"wp:attachment":[{"href":"https:\/\/particuliers.citemomes.fr\/index.php\/wp-json\/wp\/v2\/media?parent=4038"}],"wp:term":[{"taxonomy":"category","embeddable":true,"href":"https:\/\/particuliers.citemomes.fr\/index.php\/wp-json\/wp\/v2\/categories?post=4038"},{"taxonomy":"post_tag","embeddable":true,"href":"https:\/\/particuliers.citemomes.fr\/index.php\/wp-json\/wp\/v2\/tags?post=4038"}],"curies":[{"name":"wp","href":"https:\/\/api.w.org\/{rel}","templated":true}]}}