{"id":4716,"date":"2021-07-01T14:10:52","date_gmt":"2021-07-01T13:10:52","guid":{"rendered":"http:\/\/citemomes.fr\/?p=3349"},"modified":"2021-07-01T14:10:52","modified_gmt":"2021-07-01T13:10:52","slug":"ateliers-vacances-dans-les-iles","status":"publish","type":"post","link":"https:\/\/particuliers.citemomes.fr\/index.php\/2021\/07\/01\/ateliers-vacances-dans-les-iles\/","title":{"rendered":"ATELIERS : VACANCES DANS LES \u00ceLES !"},"content":{"rendered":"\n<p class=\"has-text-align-center\"><strong><span class=\"has-inline-color has-black-color\"> ?<\/span><\/strong> <strong><span class=\"has-inline-color has-black-color\">Ils sont de retour : les p&#8217;tits ateliers des vacances chez Cit\u00e9m\u00f4mes (\u00e0 partir de 4 ans) !<\/span> <\/strong>?<\/p>\n\n\n\n<p class=\"has-text-align-center\"><span class=\"has-inline-color has-black-color\">Du <strong>mercredi 7 <\/strong>au <strong>mardi 13 juillet <\/strong>prochains, les portes de notre local ouvriront de nouveau pour vous proposer des ateliers d\u2019arts plastiques \u00e0 la carte sur le th\u00e8me des \u00eeles et avec un invit\u00e9 de marque : l\u2019\u00e9crivain Gustave Flaubert \u00e0 l\u2019occasion des c\u00e9l\u00e9brations de <a href=\"https:\/\/www.facebook.com\/hashtag\/flaubert21?__eep__=6&amp;__cft__[0]=AZUsyztPmqomF1b9B7WUbX6vv3GS_S70KJz1uHrFANl2PlrIWxMlb__v1SmshN0-qAfCi3VoA0ZNuHAvK5iCh-inNh7RotrVx_U6dUNweGMvvIbRQzo-FC3d51ko_an6E2cnPiNGbUSbYBmQzV-_HRkVjHgraGL8CZ_oZwhrYQCn-DVArKzivNv2dJD3ukTWRCE&amp;__tn__=*NK-R\">#Flaubert21<\/a> ! <img decoding=\"async\" height=\"16\" width=\"16\" alt=\"?\" src=\"https:\/\/static.xx.fbcdn.net\/images\/emoji.php\/v9\/t3d\/2\/16\/1f4d6.png\"><\/span><\/p>\n\n\n\n<p class=\"has-text-align-center\"><strong><span class=\"has-inline-color has-luminous-vivid-orange-color\">DEMANDEZ LE PROGRAMME !<\/span><\/strong><\/p>\n\n\n\n<figure class=\"wp-block-image size-large\"><img decoding=\"async\" src=\"http:\/\/citemomes.fr\/wp-content\/uploads\/2021\/07\/planningvacancese\u0301te\u0301-723x1024.png\" alt=\"\" class=\"wp-image-3350\"\/><\/figure>\n\n\n\n<p class=\"has-text-align-center\"><span class=\"has-inline-color has-black-color\"><img decoding=\"async\" height=\"16\" width=\"16\" alt=\"?\ufe0f\" src=\"https:\/\/static.xx.fbcdn.net\/images\/emoji.php\/v9\/t77\/2\/16\/1f39f.png\"> <strong>R\u00c9SERVATIONS D\u00c8S MAINTENANT :<\/strong> <\/span><\/p>\n\n\n\n<p class=\"has-text-align-center\">\u27a1\ufe0f <span class=\"has-inline-color has-black-color\">Par t\u00e9l\u00e9phone : 02.76.08.72.67<\/span><\/p>\n\n\n\n<p class=\"has-text-align-center\">\u27a1\ufe0f<span class=\"has-inline-color has-black-color\"> Par mail : associationcitemomes@gmail.com<\/span><\/p>\n\n\n\n<p class=\"has-text-align-center\">\u27a1\ufe0f <span class=\"has-inline-color has-black-color\">En ligne via HelloAsso : <a rel=\"noreferrer noopener\" href=\"https:\/\/www.helloasso.com\/associations\/citemomes?fbclid=IwAR1RPfINdhNULaCqxL8ApqJLvAmAcyLNLyoU8ip5PYwUll3C4Be9RMZzIJA\" target=\"_blank\">https:\/\/www.helloasso.com\/associations\/citemomes<\/a> ! <\/span><\/p>\n\n\n\n<p class=\"has-text-align-center\"><strong><em><span class=\"has-inline-color has-luminous-vivid-orange-color\">Nous avons h\u00e2te de vous retrouver !<\/span><\/em><\/strong> \ud83d\ude42<\/p>\n\n\n<p style=\"text-align: center;\"><span style=\"color: #ffffff;\">jjjjjj<\/span><\/p>\n<p style=\"text-align: center;\"><span style=\"color: #000000;\"><a style=\"color: #000000;\" href=\"https:\/\/www.facebook.com\/citemomes\/\"><img decoding=\"async\" class=\"alignnone wp-image-2021\" src=\"http:\/\/citemomes.fr\/wp-content\/uploads\/2020\/03\/Capture-d\u2019\u00e9cran-2020-03-26-\u00e0-21.41.46.png\" sizes=\"(max-width: 48px) 100vw, 48px\" srcset=\"http:\/\/citemomes.fr\/wp-content\/uploads\/2020\/03\/Capture-d\u2019\u00e9cran-2020-03-26-\u00e0-21.41.46.png 1176w, http:\/\/citemomes.fr\/wp-content\/uploads\/2020\/03\/Capture-d\u2019\u00e9cran-2020-03-26-\u00e0-21.41.46-300x288.png 300w, http:\/\/citemomes.fr\/wp-content\/uploads\/2020\/03\/Capture-d\u2019\u00e9cran-2020-03-26-\u00e0-21.41.46-768x737.png 768w, http:\/\/citemomes.fr\/wp-content\/uploads\/2020\/03\/Capture-d\u2019\u00e9cran-2020-03-26-\u00e0-21.41.46-1024x982.png 1024w, http:\/\/citemomes.fr\/wp-content\/uploads\/2020\/03\/Capture-d\u2019\u00e9cran-2020-03-26-\u00e0-21.41.46-643x617.png 643w\" alt=\"\" width=\"48\" height=\"46\"><\/a><em><strong><a style=\"color: #000000;\" href=\"https:\/\/www.instagram.com\/citemomes\/\"><img loading=\"lazy\" decoding=\"async\" class=\"alignnone wp-image-2023\" src=\"http:\/\/citemomes.fr\/wp-content\/uploads\/2020\/03\/Capture-d\u2019\u00e9cran-2020-03-26-\u00e0-21.42.25.png\" sizes=\"(max-width: 46px) 100vw, 46px\" srcset=\"http:\/\/citemomes.fr\/wp-content\/uploads\/2020\/03\/Capture-d\u2019\u00e9cran-2020-03-26-\u00e0-21.42.25.png 1462w, http:\/\/citemomes.fr\/wp-content\/uploads\/2020\/03\/Capture-d\u2019\u00e9cran-2020-03-26-\u00e0-21.42.25-150x150.png 150w, http:\/\/citemomes.fr\/wp-content\/uploads\/2020\/03\/Capture-d\u2019\u00e9cran-2020-03-26-\u00e0-21.42.25-297x300.png 297w, http:\/\/citemomes.fr\/wp-content\/uploads\/2020\/03\/Capture-d\u2019\u00e9cran-2020-03-26-\u00e0-21.42.25-768x776.png 768w, http:\/\/citemomes.fr\/wp-content\/uploads\/2020\/03\/Capture-d\u2019\u00e9cran-2020-03-26-\u00e0-21.42.25-1013x1024.png 1013w, http:\/\/citemomes.fr\/wp-content\/uploads\/2020\/03\/Capture-d\u2019\u00e9cran-2020-03-26-\u00e0-21.42.25-200x200.png 200w, http:\/\/citemomes.fr\/wp-content\/uploads\/2020\/03\/Capture-d\u2019\u00e9cran-2020-03-26-\u00e0-21.42.25-643x650.png 643w, http:\/\/citemomes.fr\/wp-content\/uploads\/2020\/03\/Capture-d\u2019\u00e9cran-2020-03-26-\u00e0-21.42.25-75x75.png 75w\" alt=\"\" width=\"46\" height=\"47\"><\/a><a style=\"color: #000000;\" href=\"https:\/\/twitter.com\/Citemomes\"><img loading=\"lazy\" decoding=\"async\" class=\"alignnone wp-image-2024\" src=\"http:\/\/citemomes.fr\/wp-content\/uploads\/2020\/03\/Capture-d\u2019\u00e9cran-2020-03-26-\u00e0-21.44.36.png\" sizes=\"(max-width: 50px) 100vw, 50px\" srcset=\"http:\/\/citemomes.fr\/wp-content\/uploads\/2020\/03\/Capture-d\u2019\u00e9cran-2020-03-26-\u00e0-21.44.36.png 552w, http:\/\/citemomes.fr\/wp-content\/uploads\/2020\/03\/Capture-d\u2019\u00e9cran-2020-03-26-\u00e0-21.44.36-300x261.png 300w\" alt=\"\" width=\"50\" height=\"44\"><img loading=\"lazy\" decoding=\"async\" class=\"alignnone wp-image-2049\" src=\"http:\/\/citemomes.fr\/wp-content\/uploads\/2016\/01\/Capture-d\u2019\u00e9cran-2020-03-26-\u00e0-22.43.35.png\" sizes=\"(max-width: 44px) 100vw, 44px\" srcset=\"http:\/\/citemomes.fr\/wp-content\/uploads\/2016\/01\/Capture-d\u2019\u00e9cran-2020-03-26-\u00e0-22.43.35.png 1024w, http:\/\/citemomes.fr\/wp-content\/uploads\/2016\/01\/Capture-d\u2019\u00e9cran-2020-03-26-\u00e0-22.43.35-287x300.png 287w, http:\/\/citemomes.fr\/wp-content\/uploads\/2016\/01\/Capture-d\u2019\u00e9cran-2020-03-26-\u00e0-22.43.35-768x804.png 768w, http:\/\/citemomes.fr\/wp-content\/uploads\/2016\/01\/Capture-d\u2019\u00e9cran-2020-03-26-\u00e0-22.43.35-978x1024.png 978w, http:\/\/citemomes.fr\/wp-content\/uploads\/2016\/01\/Capture-d\u2019\u00e9cran-2020-03-26-\u00e0-22.43.35-643x673.png 643w\" alt=\"\" width=\"44\" height=\"46\"><\/a><\/strong><\/em><\/span><\/p>\n<h4 style=\"text-align: center;\"><span style=\"color: #008080;\">\u2665<\/span><\/h4>\n\n\n<p><\/p>\n","protected":false},"excerpt":{"rendered":"<p>? Ils sont de retour : les p&#8217;tits ateliers des vacances chez Cit\u00e9m\u00f4mes (\u00e0 partir de 4 ans) ! ? Du mercredi 7 au mardi 13 juillet prochains, les portes de notre local ouvriront de nouveau pour vous proposer des ateliers d\u2019arts plastiques \u00e0 la carte sur le th\u00e8me des \u00eeles et avec un invit\u00e9&hellip; <a href=\"https:\/\/particuliers.citemomes.fr\/index.php\/2021\/07\/01\/ateliers-vacances-dans-les-iles\/\" class=\"more-link\">Lire la suite <span class=\"screen-reader-text\">ATELIERS : VACANCES DANS LES \u00ceLES !<\/span><\/a><\/p>\n","protected":false},"author":1,"featured_media":0,"comment_status":"open","ping_status":"open","sticky":false,"template":"","format":"standard","meta":[],"categories":[181],"tags":[206],"yoast_head":"<!-- This site is optimized with the Yoast SEO plugin v20.0 - https:\/\/yoast.com\/wordpress\/plugins\/seo\/ -->\n<title>ATELIERS : VACANCES DANS LES \u00ceLES ! -<\/title>\n<meta name=\"robots\" content=\"index, follow, max-snippet:-1, max-image-preview:large, max-video-preview:-1\" \/>\n<link rel=\"canonical\" href=\"https:\/\/particuliers.citemomes.fr\/index.php\/2021\/07\/01\/ateliers-vacances-dans-les-iles\/\" \/>\n<meta property=\"og:locale\" content=\"fr_FR\" \/>\n<meta property=\"og:type\" content=\"article\" \/>\n<meta property=\"og:title\" content=\"ATELIERS : VACANCES DANS LES \u00ceLES ! -\" \/>\n<meta property=\"og:description\" content=\"? Ils sont de retour : les p&#8217;tits ateliers des vacances chez Cit\u00e9m\u00f4mes (\u00e0 partir de 4 ans) ! ? Du mercredi 7 au mardi 13 juillet prochains, les portes de notre local ouvriront de nouveau pour vous proposer des ateliers d\u2019arts plastiques \u00e0 la carte sur le th\u00e8me des \u00eeles et avec un invit\u00e9&hellip; Lire la suite ATELIERS : VACANCES DANS LES \u00ceLES !\" \/>\n<meta property=\"og:url\" content=\"https:\/\/particuliers.citemomes.fr\/index.php\/2021\/07\/01\/ateliers-vacances-dans-les-iles\/\" \/>\n<meta property=\"article:published_time\" content=\"2021-07-01T13:10:52+00:00\" \/>\n<meta property=\"og:image\" content=\"https:\/\/static.xx.fbcdn.net\/images\/emoji.php\/v9\/t3d\/2\/16\/1f4d6.png\" \/>\n<meta name=\"author\" content=\"admin\" \/>\n<meta name=\"twitter:card\" content=\"summary_large_image\" \/>\n<meta name=\"twitter:label1\" content=\"\u00c9crit par\" \/>\n\t<meta name=\"twitter:data1\" content=\"admin\" \/>\n\t<meta name=\"twitter:label2\" content=\"Dur\u00e9e de lecture estim\u00e9e\" \/>\n\t<meta name=\"twitter:data2\" content=\"2 minutes\" \/>\n<script type=\"application\/ld+json\" class=\"yoast-schema-graph\">{\"@context\":\"https:\/\/schema.org\",\"@graph\":[{\"@type\":\"WebPage\",\"@id\":\"https:\/\/particuliers.citemomes.fr\/index.php\/2021\/07\/01\/ateliers-vacances-dans-les-iles\/\",\"url\":\"https:\/\/particuliers.citemomes.fr\/index.php\/2021\/07\/01\/ateliers-vacances-dans-les-iles\/\",\"name\":\"ATELIERS : VACANCES DANS LES \u00ceLES ! -\",\"isPartOf\":{\"@id\":\"http:\/\/particuliers.citemomes.fr\/#website\"},\"datePublished\":\"2021-07-01T13:10:52+00:00\",\"dateModified\":\"2021-07-01T13:10:52+00:00\",\"author\":{\"@id\":\"http:\/\/particuliers.citemomes.fr\/#\/schema\/person\/b7d2d1ef56f27deb2049e29950fb75f7\"},\"breadcrumb\":{\"@id\":\"https:\/\/particuliers.citemomes.fr\/index.php\/2021\/07\/01\/ateliers-vacances-dans-les-iles\/#breadcrumb\"},\"inLanguage\":\"fr-FR\",\"potentialAction\":[{\"@type\":\"ReadAction\",\"target\":[\"https:\/\/particuliers.citemomes.fr\/index.php\/2021\/07\/01\/ateliers-vacances-dans-les-iles\/\"]}]},{\"@type\":\"BreadcrumbList\",\"@id\":\"https:\/\/particuliers.citemomes.fr\/index.php\/2021\/07\/01\/ateliers-vacances-dans-les-iles\/#breadcrumb\",\"itemListElement\":[{\"@type\":\"ListItem\",\"position\":1,\"name\":\"Accueil\",\"item\":\"https:\/\/particuliers.citemomes.fr\/\"},{\"@type\":\"ListItem\",\"position\":2,\"name\":\"ATELIERS : VACANCES DANS LES \u00ceLES !\"}]},{\"@type\":\"WebSite\",\"@id\":\"http:\/\/particuliers.citemomes.fr\/#website\",\"url\":\"http:\/\/particuliers.citemomes.fr\/\",\"name\":\"\",\"description\":\"D\u00e9couvrir, cr\u00e9er, r\u00eaver !\",\"potentialAction\":[{\"@type\":\"SearchAction\",\"target\":{\"@type\":\"EntryPoint\",\"urlTemplate\":\"http:\/\/particuliers.citemomes.fr\/?s={search_term_string}\"},\"query-input\":\"required name=search_term_string\"}],\"inLanguage\":\"fr-FR\"},{\"@type\":\"Person\",\"@id\":\"http:\/\/particuliers.citemomes.fr\/#\/schema\/person\/b7d2d1ef56f27deb2049e29950fb75f7\",\"name\":\"admin\",\"image\":{\"@type\":\"ImageObject\",\"inLanguage\":\"fr-FR\",\"@id\":\"http:\/\/particuliers.citemomes.fr\/#\/schema\/person\/image\/\",\"url\":\"https:\/\/secure.gravatar.com\/avatar\/2a31050660754423bc44e2e1ec39bd92?s=96&d=mm&r=g\",\"contentUrl\":\"https:\/\/secure.gravatar.com\/avatar\/2a31050660754423bc44e2e1ec39bd92?s=96&d=mm&r=g\",\"caption\":\"admin\"},\"url\":\"https:\/\/particuliers.citemomes.fr\/index.php\/author\/admin\/\"}]}<\/script>\n<!-- \/ Yoast SEO plugin. -->","yoast_head_json":{"title":"ATELIERS : VACANCES DANS LES \u00ceLES ! -","robots":{"index":"index","follow":"follow","max-snippet":"max-snippet:-1","max-image-preview":"max-image-preview:large","max-video-preview":"max-video-preview:-1"},"canonical":"https:\/\/particuliers.citemomes.fr\/index.php\/2021\/07\/01\/ateliers-vacances-dans-les-iles\/","og_locale":"fr_FR","og_type":"article","og_title":"ATELIERS : VACANCES DANS LES \u00ceLES ! -","og_description":"? Ils sont de retour : les p&#8217;tits ateliers des vacances chez Cit\u00e9m\u00f4mes (\u00e0 partir de 4 ans) ! ? Du mercredi 7 au mardi 13 juillet prochains, les portes de notre local ouvriront de nouveau pour vous proposer des ateliers d\u2019arts plastiques \u00e0 la carte sur le th\u00e8me des \u00eeles et avec un invit\u00e9&hellip; Lire la suite ATELIERS : VACANCES DANS LES \u00ceLES !","og_url":"https:\/\/particuliers.citemomes.fr\/index.php\/2021\/07\/01\/ateliers-vacances-dans-les-iles\/","article_published_time":"2021-07-01T13:10:52+00:00","og_image":[{"url":"https:\/\/static.xx.fbcdn.net\/images\/emoji.php\/v9\/t3d\/2\/16\/1f4d6.png"}],"author":"admin","twitter_card":"summary_large_image","twitter_misc":{"\u00c9crit par":"admin","Dur\u00e9e de lecture estim\u00e9e":"2 minutes"},"schema":{"@context":"https:\/\/schema.org","@graph":[{"@type":"WebPage","@id":"https:\/\/particuliers.citemomes.fr\/index.php\/2021\/07\/01\/ateliers-vacances-dans-les-iles\/","url":"https:\/\/particuliers.citemomes.fr\/index.php\/2021\/07\/01\/ateliers-vacances-dans-les-iles\/","name":"ATELIERS : VACANCES DANS LES \u00ceLES ! -","isPartOf":{"@id":"http:\/\/particuliers.citemomes.fr\/#website"},"datePublished":"2021-07-01T13:10:52+00:00","dateModified":"2021-07-01T13:10:52+00:00","author":{"@id":"http:\/\/particuliers.citemomes.fr\/#\/schema\/person\/b7d2d1ef56f27deb2049e29950fb75f7"},"breadcrumb":{"@id":"https:\/\/particuliers.citemomes.fr\/index.php\/2021\/07\/01\/ateliers-vacances-dans-les-iles\/#breadcrumb"},"inLanguage":"fr-FR","potentialAction":[{"@type":"ReadAction","target":["https:\/\/particuliers.citemomes.fr\/index.php\/2021\/07\/01\/ateliers-vacances-dans-les-iles\/"]}]},{"@type":"BreadcrumbList","@id":"https:\/\/particuliers.citemomes.fr\/index.php\/2021\/07\/01\/ateliers-vacances-dans-les-iles\/#breadcrumb","itemListElement":[{"@type":"ListItem","position":1,"name":"Accueil","item":"https:\/\/particuliers.citemomes.fr\/"},{"@type":"ListItem","position":2,"name":"ATELIERS : VACANCES DANS LES \u00ceLES !"}]},{"@type":"WebSite","@id":"http:\/\/particuliers.citemomes.fr\/#website","url":"http:\/\/particuliers.citemomes.fr\/","name":"","description":"D\u00e9couvrir, cr\u00e9er, r\u00eaver !","potentialAction":[{"@type":"SearchAction","target":{"@type":"EntryPoint","urlTemplate":"http:\/\/particuliers.citemomes.fr\/?s={search_term_string}"},"query-input":"required name=search_term_string"}],"inLanguage":"fr-FR"},{"@type":"Person","@id":"http:\/\/particuliers.citemomes.fr\/#\/schema\/person\/b7d2d1ef56f27deb2049e29950fb75f7","name":"admin","image":{"@type":"ImageObject","inLanguage":"fr-FR","@id":"http:\/\/particuliers.citemomes.fr\/#\/schema\/person\/image\/","url":"https:\/\/secure.gravatar.com\/avatar\/2a31050660754423bc44e2e1ec39bd92?s=96&d=mm&r=g","contentUrl":"https:\/\/secure.gravatar.com\/avatar\/2a31050660754423bc44e2e1ec39bd92?s=96&d=mm&r=g","caption":"admin"},"url":"https:\/\/particuliers.citemomes.fr\/index.php\/author\/admin\/"}]}},"_links":{"self":[{"href":"https:\/\/particuliers.citemomes.fr\/index.php\/wp-json\/wp\/v2\/posts\/4716"}],"collection":[{"href":"https:\/\/particuliers.citemomes.fr\/index.php\/wp-json\/wp\/v2\/posts"}],"about":[{"href":"https:\/\/particuliers.citemomes.fr\/index.php\/wp-json\/wp\/v2\/types\/post"}],"author":[{"embeddable":true,"href":"https:\/\/particuliers.citemomes.fr\/index.php\/wp-json\/wp\/v2\/users\/1"}],"replies":[{"embeddable":true,"href":"https:\/\/particuliers.citemomes.fr\/index.php\/wp-json\/wp\/v2\/comments?post=4716"}],"version-history":[{"count":0,"href":"https:\/\/particuliers.citemomes.fr\/index.php\/wp-json\/wp\/v2\/posts\/4716\/revisions"}],"wp:attachment":[{"href":"https:\/\/particuliers.citemomes.fr\/index.php\/wp-json\/wp\/v2\/media?parent=4716"}],"wp:term":[{"taxonomy":"category","embeddable":true,"href":"https:\/\/particuliers.citemomes.fr\/index.php\/wp-json\/wp\/v2\/categories?post=4716"},{"taxonomy":"post_tag","embeddable":true,"href":"https:\/\/particuliers.citemomes.fr\/index.php\/wp-json\/wp\/v2\/tags?post=4716"}],"curies":[{"name":"wp","href":"https:\/\/api.w.org\/{rel}","templated":true}]}}