{"id":4718,"date":"2021-07-12T10:48:05","date_gmt":"2021-07-12T09:48:05","guid":{"rendered":"http:\/\/citemomes.fr\/?p=3378"},"modified":"2021-07-12T10:48:05","modified_gmt":"2021-07-12T09:48:05","slug":"defi-de-lete-1","status":"publish","type":"post","link":"https:\/\/particuliers.citemomes.fr\/index.php\/2021\/07\/12\/defi-de-lete-1\/","title":{"rendered":"D\u00e9fi de l&#8217;\u00e9t\u00e9 #1 !"},"content":{"rendered":"\n<p class=\"has-text-align-center\"><strong><span class=\"has-inline-color has-black-color\">Comme il est de coutume, durant tout l&#8217;\u00e9t\u00e9&#8230; Cit\u00e9m\u00f4mes vous met au(x) d\u00e9fi(s) !&nbsp;?<\/span><\/strong><\/p>\n\n\n\n<p class=\"has-text-align-center\"><span class=\"has-inline-color has-black-color\">Notre \u00e9quipe vous propose 3 petits d\u00e9fis cr\u00e9atifs, souriants et color\u00e9s \u00e0 r\u00e9aliser seul ou en famille et qui, nous l&#8217;esp\u00e9rons, inspireront petits et grands ! ?<\/span><\/p>\n\n\n\n<h3 class=\"has-text-align-center\"><span class=\"has-inline-color has-black-color\"><strong><em>C&#8217;est parti pour le d\u00e9fi #1 : <\/em><\/strong><\/span><\/h3>\n\n\n\n<h3 class=\"has-text-align-center\"><span class=\"has-inline-color has-black-color\"><strong><em>&#8220;photographiez vos vacances&#8230; En rose !<\/em><\/strong><\/span>&#8221; \ud83c\udf80<\/h3>\n\n\n\n<p class=\"has-text-align-center\"><span class=\"has-inline-color has-black-color\">Participez \u00e0 notre projet photo &#8220;<strong><a href=\"https:\/\/impressionsoleilcouleurs.com\/\">Impression Soleil Couleurs<\/a><\/strong>&#8221; et photographiez vos vacances (ou du rose !) ! ???<\/span><\/p>\n\n\n\n<p class=\"has-text-align-center\"><span class=\"has-inline-color has-black-color\">Vive l&#8217;\u00e9t\u00e9 et les couleurs qui \u00e9voquent les vacances, la chaleur, la plage, les douces journ\u00e9es farniente&#8230; ! \u2600\ufe0f Pour ce 41\u00e8me d\u00e9fi&nbsp;<strong><a href=\"https:\/\/impressionsoleilcouleurs.com\/\">ISC<\/a>,<\/strong>&nbsp;nous vous invitons \u00e0 photographier votre \u00e9t\u00e9 et vos vacances et les v\u00eatements, tissus et autres \u00e9toffes qui vous \u00e9voquent cette p\u00e9riode de d\u00e9tente si ch\u00e8re \u00e0 tous ! <\/span><\/p>\n\n\n\n<figure class=\"wp-block-image size-large\"><img decoding=\"async\" src=\"http:\/\/citemomes.fr\/wp-content\/uploads\/2021\/07\/Capture-de\u0301cran-2021-07-11-a\u0300-21.15.38-1-1021x1024.png\" alt=\"\" class=\"wp-image-3397\"\/><\/figure>\n\n\n\n<p class=\"has-text-align-center\"><span class=\"has-inline-color has-black-color\"><strong><em>Pour participer :<\/em><\/strong><\/span><\/p>\n\n\n\n<p><span class=\"has-inline-color has-black-color\">1\ufe0f\u20e3 Prenez une photo color\u00e9e avec, de pr\u00e9f\u00e9rence, une dominante de couleur bien affirm\u00e9e !<\/span><\/p>\n\n\n\n<p class=\"has-text-align-left\">2\ufe0f\u20e3<span class=\"has-inline-color has-black-color\"> Associez-la \u00e0 une \u00ab&nbsp;impression&nbsp;\u00bb : un <strong>mot<\/strong>, une <strong>phrase<\/strong>, une <strong>citation<\/strong>\u2026 Ce qu\u2019elle vous \u00e9voque en quelques mots.<\/span><\/p>\n\n\n\n<p class=\"has-text-align-left\">3\ufe0f\u20e3 <span class=\"has-inline-color has-black-color\">Partagez-la sur vos r\u00e9seaux sociaux en nous mentionnant&nbsp;<strong>@impressionsoleilcouleurs&nbsp;<\/strong>et nous taguant&nbsp;<strong>#impressionsoleilcouleurs<\/strong>, ou envoyez-la nous en MP ou par mail \u00e0&nbsp;<a href=\"mailto:impressionsoleilcouleurs@gmail.com\">impressionsoleilcouleurs@gmail.com<\/a>&nbsp;! N\u2019oubliez pas d\u2019indiquer votre pr\u00e9nom, votre \u00e2ge et le lieu o\u00f9 a \u00e9t\u00e9 prise la photo (ville).<\/span><\/p>\n\n\n\n<p class=\"has-text-align-center\"><span class=\"has-inline-color has-black-color\"><strong><em>Pssst&#8230;<\/em><\/strong><\/span> <span class=\"has-inline-color has-black-color\"><em style=\"font-weight: bold;\">Gardez un \u0153il sur nos stories&nbsp;<a href=\"https:\/\/www.instagram.com\/p\/CDJI3cHCbGX\/\">Instagram<\/a>, peut-\u00eatre y verrez-vous passer vos photos !&nbsp;<\/em><\/span><\/p>\n\n\n\n<p class=\"has-text-align-center\"><span class=\"has-inline-color has-black-color\"><strong>En avant les d\u00e9fis, et rendez-vous demain pour le suivant ! <\/strong><\/span>\ud83c\udf38<\/p>\n\n\n<p style=\"text-align: center;\"><span style=\"color: #ffffff;\">jjjjjj<\/span><\/p>\n<p style=\"text-align: center;\"><span style=\"color: #000000;\"><a style=\"color: #000000;\" href=\"https:\/\/www.facebook.com\/citemomes\/\"><img decoding=\"async\" class=\"alignnone wp-image-2021\" src=\"http:\/\/citemomes.fr\/wp-content\/uploads\/2020\/03\/Capture-d\u2019\u00e9cran-2020-03-26-\u00e0-21.41.46.png\" sizes=\"(max-width: 48px) 100vw, 48px\" srcset=\"http:\/\/citemomes.fr\/wp-content\/uploads\/2020\/03\/Capture-d\u2019\u00e9cran-2020-03-26-\u00e0-21.41.46.png 1176w, http:\/\/citemomes.fr\/wp-content\/uploads\/2020\/03\/Capture-d\u2019\u00e9cran-2020-03-26-\u00e0-21.41.46-300x288.png 300w, http:\/\/citemomes.fr\/wp-content\/uploads\/2020\/03\/Capture-d\u2019\u00e9cran-2020-03-26-\u00e0-21.41.46-768x737.png 768w, http:\/\/citemomes.fr\/wp-content\/uploads\/2020\/03\/Capture-d\u2019\u00e9cran-2020-03-26-\u00e0-21.41.46-1024x982.png 1024w, http:\/\/citemomes.fr\/wp-content\/uploads\/2020\/03\/Capture-d\u2019\u00e9cran-2020-03-26-\u00e0-21.41.46-643x617.png 643w\" alt=\"\" width=\"48\" height=\"46\"><\/a><em><strong><a style=\"color: #000000;\" href=\"https:\/\/www.instagram.com\/citemomes\/\"><img decoding=\"async\" class=\"alignnone wp-image-2023\" src=\"http:\/\/citemomes.fr\/wp-content\/uploads\/2020\/03\/Capture-d\u2019\u00e9cran-2020-03-26-\u00e0-21.42.25.png\" sizes=\"(max-width: 46px) 100vw, 46px\" srcset=\"http:\/\/citemomes.fr\/wp-content\/uploads\/2020\/03\/Capture-d\u2019\u00e9cran-2020-03-26-\u00e0-21.42.25.png 1462w, http:\/\/citemomes.fr\/wp-content\/uploads\/2020\/03\/Capture-d\u2019\u00e9cran-2020-03-26-\u00e0-21.42.25-150x150.png 150w, http:\/\/citemomes.fr\/wp-content\/uploads\/2020\/03\/Capture-d\u2019\u00e9cran-2020-03-26-\u00e0-21.42.25-297x300.png 297w, http:\/\/citemomes.fr\/wp-content\/uploads\/2020\/03\/Capture-d\u2019\u00e9cran-2020-03-26-\u00e0-21.42.25-768x776.png 768w, http:\/\/citemomes.fr\/wp-content\/uploads\/2020\/03\/Capture-d\u2019\u00e9cran-2020-03-26-\u00e0-21.42.25-1013x1024.png 1013w, http:\/\/citemomes.fr\/wp-content\/uploads\/2020\/03\/Capture-d\u2019\u00e9cran-2020-03-26-\u00e0-21.42.25-200x200.png 200w, http:\/\/citemomes.fr\/wp-content\/uploads\/2020\/03\/Capture-d\u2019\u00e9cran-2020-03-26-\u00e0-21.42.25-643x650.png 643w, http:\/\/citemomes.fr\/wp-content\/uploads\/2020\/03\/Capture-d\u2019\u00e9cran-2020-03-26-\u00e0-21.42.25-75x75.png 75w\" alt=\"\" width=\"46\" height=\"47\"><\/a><a style=\"color: #000000;\" href=\"https:\/\/twitter.com\/Citemomes\"><img decoding=\"async\" class=\"alignnone wp-image-2024\" src=\"http:\/\/citemomes.fr\/wp-content\/uploads\/2020\/03\/Capture-d\u2019\u00e9cran-2020-03-26-\u00e0-21.44.36.png\" sizes=\"(max-width: 50px) 100vw, 50px\" srcset=\"http:\/\/citemomes.fr\/wp-content\/uploads\/2020\/03\/Capture-d\u2019\u00e9cran-2020-03-26-\u00e0-21.44.36.png 552w, http:\/\/citemomes.fr\/wp-content\/uploads\/2020\/03\/Capture-d\u2019\u00e9cran-2020-03-26-\u00e0-21.44.36-300x261.png 300w\" alt=\"\" width=\"50\" height=\"44\"><img loading=\"lazy\" decoding=\"async\" class=\"alignnone wp-image-2049\" src=\"http:\/\/citemomes.fr\/wp-content\/uploads\/2016\/01\/Capture-d\u2019\u00e9cran-2020-03-26-\u00e0-22.43.35.png\" sizes=\"(max-width: 44px) 100vw, 44px\" srcset=\"http:\/\/citemomes.fr\/wp-content\/uploads\/2016\/01\/Capture-d\u2019\u00e9cran-2020-03-26-\u00e0-22.43.35.png 1024w, http:\/\/citemomes.fr\/wp-content\/uploads\/2016\/01\/Capture-d\u2019\u00e9cran-2020-03-26-\u00e0-22.43.35-287x300.png 287w, http:\/\/citemomes.fr\/wp-content\/uploads\/2016\/01\/Capture-d\u2019\u00e9cran-2020-03-26-\u00e0-22.43.35-768x804.png 768w, http:\/\/citemomes.fr\/wp-content\/uploads\/2016\/01\/Capture-d\u2019\u00e9cran-2020-03-26-\u00e0-22.43.35-978x1024.png 978w, http:\/\/citemomes.fr\/wp-content\/uploads\/2016\/01\/Capture-d\u2019\u00e9cran-2020-03-26-\u00e0-22.43.35-643x673.png 643w\" alt=\"\" width=\"44\" height=\"46\"><\/a><\/strong><\/em><\/span><\/p>\n<h4 style=\"text-align: center;\"><span style=\"color: #008080;\">\u2665<\/span><\/h4>","protected":false},"excerpt":{"rendered":"<p>Comme il est de coutume, durant tout l&#8217;\u00e9t\u00e9&#8230; Cit\u00e9m\u00f4mes vous met au(x) d\u00e9fi(s) !&nbsp;? Notre \u00e9quipe vous propose 3 petits d\u00e9fis cr\u00e9atifs, souriants et color\u00e9s \u00e0 r\u00e9aliser seul ou en famille et qui, nous l&#8217;esp\u00e9rons, inspireront petits et grands ! ? C&#8217;est parti pour le d\u00e9fi #1 : &#8220;photographiez vos vacances&#8230; En rose !&#8221; \ud83c\udf80&hellip; <a href=\"https:\/\/particuliers.citemomes.fr\/index.php\/2021\/07\/12\/defi-de-lete-1\/\" class=\"more-link\">Lire la suite <span class=\"screen-reader-text\">D\u00e9fi de l&#8217;\u00e9t\u00e9 #1 !<\/span><\/a><\/p>\n","protected":false},"author":1,"featured_media":0,"comment_status":"open","ping_status":"open","sticky":false,"template":"","format":"standard","meta":[],"categories":[184],"tags":[209,210,211,212],"yoast_head":"<!-- This site is optimized with the Yoast SEO plugin v20.0 - https:\/\/yoast.com\/wordpress\/plugins\/seo\/ -->\n<title>D\u00e9fi de l&#039;\u00e9t\u00e9 #1 ! -<\/title>\n<meta name=\"robots\" content=\"index, follow, max-snippet:-1, max-image-preview:large, max-video-preview:-1\" \/>\n<link rel=\"canonical\" href=\"https:\/\/particuliers.citemomes.fr\/index.php\/2021\/07\/12\/defi-de-lete-1\/\" \/>\n<meta property=\"og:locale\" content=\"fr_FR\" \/>\n<meta property=\"og:type\" content=\"article\" \/>\n<meta property=\"og:title\" content=\"D\u00e9fi de l&#039;\u00e9t\u00e9 #1 ! -\" \/>\n<meta property=\"og:description\" content=\"Comme il est de coutume, durant tout l&#8217;\u00e9t\u00e9&#8230; Cit\u00e9m\u00f4mes vous met au(x) d\u00e9fi(s) !&nbsp;? Notre \u00e9quipe vous propose 3 petits d\u00e9fis cr\u00e9atifs, souriants et color\u00e9s \u00e0 r\u00e9aliser seul ou en famille et qui, nous l&#8217;esp\u00e9rons, inspireront petits et grands ! ? C&#8217;est parti pour le d\u00e9fi #1 : &#8220;photographiez vos vacances&#8230; En rose !&#8221; \ud83c\udf80&hellip; Lire la suite D\u00e9fi de l&#8217;\u00e9t\u00e9 #1 !\" \/>\n<meta property=\"og:url\" content=\"https:\/\/particuliers.citemomes.fr\/index.php\/2021\/07\/12\/defi-de-lete-1\/\" \/>\n<meta property=\"article:published_time\" content=\"2021-07-12T09:48:05+00:00\" \/>\n<meta name=\"author\" content=\"admin\" \/>\n<meta name=\"twitter:card\" content=\"summary_large_image\" \/>\n<meta name=\"twitter:label1\" content=\"\u00c9crit par\" \/>\n\t<meta name=\"twitter:data1\" content=\"admin\" \/>\n\t<meta name=\"twitter:label2\" content=\"Dur\u00e9e de lecture estim\u00e9e\" \/>\n\t<meta name=\"twitter:data2\" content=\"2 minutes\" \/>\n<script type=\"application\/ld+json\" class=\"yoast-schema-graph\">{\"@context\":\"https:\/\/schema.org\",\"@graph\":[{\"@type\":\"WebPage\",\"@id\":\"https:\/\/particuliers.citemomes.fr\/index.php\/2021\/07\/12\/defi-de-lete-1\/\",\"url\":\"https:\/\/particuliers.citemomes.fr\/index.php\/2021\/07\/12\/defi-de-lete-1\/\",\"name\":\"D\u00e9fi de l'\u00e9t\u00e9 #1 ! -\",\"isPartOf\":{\"@id\":\"http:\/\/particuliers.citemomes.fr\/#website\"},\"datePublished\":\"2021-07-12T09:48:05+00:00\",\"dateModified\":\"2021-07-12T09:48:05+00:00\",\"author\":{\"@id\":\"http:\/\/particuliers.citemomes.fr\/#\/schema\/person\/b7d2d1ef56f27deb2049e29950fb75f7\"},\"breadcrumb\":{\"@id\":\"https:\/\/particuliers.citemomes.fr\/index.php\/2021\/07\/12\/defi-de-lete-1\/#breadcrumb\"},\"inLanguage\":\"fr-FR\",\"potentialAction\":[{\"@type\":\"ReadAction\",\"target\":[\"https:\/\/particuliers.citemomes.fr\/index.php\/2021\/07\/12\/defi-de-lete-1\/\"]}]},{\"@type\":\"BreadcrumbList\",\"@id\":\"https:\/\/particuliers.citemomes.fr\/index.php\/2021\/07\/12\/defi-de-lete-1\/#breadcrumb\",\"itemListElement\":[{\"@type\":\"ListItem\",\"position\":1,\"name\":\"Accueil\",\"item\":\"https:\/\/particuliers.citemomes.fr\/\"},{\"@type\":\"ListItem\",\"position\":2,\"name\":\"D\u00e9fi de l&#8217;\u00e9t\u00e9 #1 !\"}]},{\"@type\":\"WebSite\",\"@id\":\"http:\/\/particuliers.citemomes.fr\/#website\",\"url\":\"http:\/\/particuliers.citemomes.fr\/\",\"name\":\"\",\"description\":\"D\u00e9couvrir, cr\u00e9er, r\u00eaver !\",\"potentialAction\":[{\"@type\":\"SearchAction\",\"target\":{\"@type\":\"EntryPoint\",\"urlTemplate\":\"http:\/\/particuliers.citemomes.fr\/?s={search_term_string}\"},\"query-input\":\"required name=search_term_string\"}],\"inLanguage\":\"fr-FR\"},{\"@type\":\"Person\",\"@id\":\"http:\/\/particuliers.citemomes.fr\/#\/schema\/person\/b7d2d1ef56f27deb2049e29950fb75f7\",\"name\":\"admin\",\"image\":{\"@type\":\"ImageObject\",\"inLanguage\":\"fr-FR\",\"@id\":\"http:\/\/particuliers.citemomes.fr\/#\/schema\/person\/image\/\",\"url\":\"https:\/\/secure.gravatar.com\/avatar\/2a31050660754423bc44e2e1ec39bd92?s=96&d=mm&r=g\",\"contentUrl\":\"https:\/\/secure.gravatar.com\/avatar\/2a31050660754423bc44e2e1ec39bd92?s=96&d=mm&r=g\",\"caption\":\"admin\"},\"url\":\"https:\/\/particuliers.citemomes.fr\/index.php\/author\/admin\/\"}]}<\/script>\n<!-- \/ Yoast SEO plugin. -->","yoast_head_json":{"title":"D\u00e9fi de l'\u00e9t\u00e9 #1 ! -","robots":{"index":"index","follow":"follow","max-snippet":"max-snippet:-1","max-image-preview":"max-image-preview:large","max-video-preview":"max-video-preview:-1"},"canonical":"https:\/\/particuliers.citemomes.fr\/index.php\/2021\/07\/12\/defi-de-lete-1\/","og_locale":"fr_FR","og_type":"article","og_title":"D\u00e9fi de l'\u00e9t\u00e9 #1 ! -","og_description":"Comme il est de coutume, durant tout l&#8217;\u00e9t\u00e9&#8230; Cit\u00e9m\u00f4mes vous met au(x) d\u00e9fi(s) !&nbsp;? Notre \u00e9quipe vous propose 3 petits d\u00e9fis cr\u00e9atifs, souriants et color\u00e9s \u00e0 r\u00e9aliser seul ou en famille et qui, nous l&#8217;esp\u00e9rons, inspireront petits et grands ! ? C&#8217;est parti pour le d\u00e9fi #1 : &#8220;photographiez vos vacances&#8230; En rose !&#8221; \ud83c\udf80&hellip; Lire la suite D\u00e9fi de l&#8217;\u00e9t\u00e9 #1 !","og_url":"https:\/\/particuliers.citemomes.fr\/index.php\/2021\/07\/12\/defi-de-lete-1\/","article_published_time":"2021-07-12T09:48:05+00:00","author":"admin","twitter_card":"summary_large_image","twitter_misc":{"\u00c9crit par":"admin","Dur\u00e9e de lecture estim\u00e9e":"2 minutes"},"schema":{"@context":"https:\/\/schema.org","@graph":[{"@type":"WebPage","@id":"https:\/\/particuliers.citemomes.fr\/index.php\/2021\/07\/12\/defi-de-lete-1\/","url":"https:\/\/particuliers.citemomes.fr\/index.php\/2021\/07\/12\/defi-de-lete-1\/","name":"D\u00e9fi de l'\u00e9t\u00e9 #1 ! -","isPartOf":{"@id":"http:\/\/particuliers.citemomes.fr\/#website"},"datePublished":"2021-07-12T09:48:05+00:00","dateModified":"2021-07-12T09:48:05+00:00","author":{"@id":"http:\/\/particuliers.citemomes.fr\/#\/schema\/person\/b7d2d1ef56f27deb2049e29950fb75f7"},"breadcrumb":{"@id":"https:\/\/particuliers.citemomes.fr\/index.php\/2021\/07\/12\/defi-de-lete-1\/#breadcrumb"},"inLanguage":"fr-FR","potentialAction":[{"@type":"ReadAction","target":["https:\/\/particuliers.citemomes.fr\/index.php\/2021\/07\/12\/defi-de-lete-1\/"]}]},{"@type":"BreadcrumbList","@id":"https:\/\/particuliers.citemomes.fr\/index.php\/2021\/07\/12\/defi-de-lete-1\/#breadcrumb","itemListElement":[{"@type":"ListItem","position":1,"name":"Accueil","item":"https:\/\/particuliers.citemomes.fr\/"},{"@type":"ListItem","position":2,"name":"D\u00e9fi de l&#8217;\u00e9t\u00e9 #1 !"}]},{"@type":"WebSite","@id":"http:\/\/particuliers.citemomes.fr\/#website","url":"http:\/\/particuliers.citemomes.fr\/","name":"","description":"D\u00e9couvrir, cr\u00e9er, r\u00eaver !","potentialAction":[{"@type":"SearchAction","target":{"@type":"EntryPoint","urlTemplate":"http:\/\/particuliers.citemomes.fr\/?s={search_term_string}"},"query-input":"required name=search_term_string"}],"inLanguage":"fr-FR"},{"@type":"Person","@id":"http:\/\/particuliers.citemomes.fr\/#\/schema\/person\/b7d2d1ef56f27deb2049e29950fb75f7","name":"admin","image":{"@type":"ImageObject","inLanguage":"fr-FR","@id":"http:\/\/particuliers.citemomes.fr\/#\/schema\/person\/image\/","url":"https:\/\/secure.gravatar.com\/avatar\/2a31050660754423bc44e2e1ec39bd92?s=96&d=mm&r=g","contentUrl":"https:\/\/secure.gravatar.com\/avatar\/2a31050660754423bc44e2e1ec39bd92?s=96&d=mm&r=g","caption":"admin"},"url":"https:\/\/particuliers.citemomes.fr\/index.php\/author\/admin\/"}]}},"_links":{"self":[{"href":"https:\/\/particuliers.citemomes.fr\/index.php\/wp-json\/wp\/v2\/posts\/4718"}],"collection":[{"href":"https:\/\/particuliers.citemomes.fr\/index.php\/wp-json\/wp\/v2\/posts"}],"about":[{"href":"https:\/\/particuliers.citemomes.fr\/index.php\/wp-json\/wp\/v2\/types\/post"}],"author":[{"embeddable":true,"href":"https:\/\/particuliers.citemomes.fr\/index.php\/wp-json\/wp\/v2\/users\/1"}],"replies":[{"embeddable":true,"href":"https:\/\/particuliers.citemomes.fr\/index.php\/wp-json\/wp\/v2\/comments?post=4718"}],"version-history":[{"count":0,"href":"https:\/\/particuliers.citemomes.fr\/index.php\/wp-json\/wp\/v2\/posts\/4718\/revisions"}],"wp:attachment":[{"href":"https:\/\/particuliers.citemomes.fr\/index.php\/wp-json\/wp\/v2\/media?parent=4718"}],"wp:term":[{"taxonomy":"category","embeddable":true,"href":"https:\/\/particuliers.citemomes.fr\/index.php\/wp-json\/wp\/v2\/categories?post=4718"},{"taxonomy":"post_tag","embeddable":true,"href":"https:\/\/particuliers.citemomes.fr\/index.php\/wp-json\/wp\/v2\/tags?post=4718"}],"curies":[{"name":"wp","href":"https:\/\/api.w.org\/{rel}","templated":true}]}}