{"id":4722,"date":"2021-07-21T14:18:07","date_gmt":"2021-07-21T13:18:07","guid":{"rendered":"http:\/\/citemomes.fr\/?p=3449"},"modified":"2021-07-21T14:18:07","modified_gmt":"2021-07-21T13:18:07","slug":"3449","status":"publish","type":"post","link":"https:\/\/particuliers.citemomes.fr\/index.php\/2021\/07\/21\/3449\/","title":{"rendered":"Lecture d&#8217;\u00e9t\u00e9 : la Calebasse s&#8217;agite !"},"content":{"rendered":"\n<p class=\"has-text-align-center\"><span class=\"has-inline-color has-black-color\">La Calebasse s&#8217;agite est de retour pour vous offrir une petite pause lecture cet \u00e9t\u00e9 ! \u2600\ufe0f\ud83d\uddde<\/span><\/p>\n\n\n\n<div class=\"wp-block-image\"><figure class=\"aligncenter size-large\"><img decoding=\"async\" src=\"http:\/\/citemomes.fr\/wp-content\/uploads\/2021\/07\/Capture-de\u0301cran-2021-07-21-a\u0300-15.01.08-1-724x1024.png\" alt=\"\" class=\"wp-image-3454\"\/><\/figure><\/div>\n\n\n\n<p class=\"has-text-align-center\"><span class=\"has-inline-color has-black-color\">Ce  petit journal est le fruit du travail d&#8217;un collectif d&#8217;acteurs associatifs et porteurs de projets issus l&#8217;\u00e9cosyst\u00e8me m\u00e9tropolitain engag\u00e9s pour le bien vieillir. Nous en faisons notamment partie avec notre projet <em><a href=\"http:\/\/tricoteunsourire.com\">Tricote un sourire<\/a><\/em> ! \ud83d\ude09<img decoding=\"async\" height=\"16\" width=\"16\" alt=\"\ud83e\uddf6\" src=\"https:\/\/static.xx.fbcdn.net\/images\/emoji.php\/v9\/tc0\/2\/16\/1f9f6.png\"><\/span><\/p>\n\n\n\n<p><span class=\"has-inline-color has-white-color\">nnnnn<\/span><\/p>\n\n\n\n<p class=\"has-text-align-center\"><span class=\"has-inline-color has-black-color\">Conseils et m\u00e9mos sant\u00e9, zoom sur des projets, tutoriels, recettes, citations et autres petits jeux vous attendent dans ce 6\u00e8me num\u00e9ro que nous vous invitons \u00e0 lire et partager autour de vous.<\/span><\/p>\n\n\n\n<p><span class=\"has-inline-color has-white-color\">jjjj<\/span><\/p>\n\n\n\n<p class=\"has-text-align-center\"><span class=\"has-inline-color has-black-color\"><span style=\"text-decoration: underline;\">Pour le t\u00e9l\u00e9charger, cliquez ci-dessous<\/span>  : <\/span><\/p>\n\n\n\n<div class=\"wp-block-file aligncenter\"><a href=\"http:\/\/citemomes.fr\/wp-content\/uploads\/2021\/07\/Lacalebassesagite6_light.pdf\"><strong><span class=\"has-inline-color has-black-color\">Lacalebassesagite6<\/span><\/strong><\/a><a href=\"http:\/\/citemomes.fr\/wp-content\/uploads\/2021\/07\/Lacalebassesagite6_light.pdf\" class=\"wp-block-file__button\" download>T\u00e9l\u00e9charger<\/a><\/div>\n\n\n\n<p><\/p>\n\n\n\n<p class=\"has-text-align-center\"><span class=\"has-inline-color has-black-color\">Bonne lecture et bel \u00e9t\u00e9 ! <img decoding=\"async\" height=\"16\" width=\"16\" alt=\"\ud83d\ude42\" src=\"https:\/\/static.xx.fbcdn.net\/images\/emoji.php\/v9\/teb\/2\/16\/1f642.png\"><\/span><\/p>\n\n\n<p><span style=\"color: #ffffff;\">kkkk<\/span><\/p>\n<p><span style=\"color: #ffffff;\">kkkk<\/span><\/p>\n<p style=\"text-align: center;\"><span style=\"color: #000000;\"><a style=\"color: #000000;\" href=\"https:\/\/www.facebook.com\/citemomes\/\"><img decoding=\"async\" class=\"alignnone wp-image-2021\" src=\"http:\/\/citemomes.fr\/wp-content\/uploads\/2020\/03\/Capture-d\u2019\u00e9cran-2020-03-26-\u00e0-21.41.46.png\" sizes=\"(max-width: 48px) 100vw, 48px\" srcset=\"http:\/\/citemomes.fr\/wp-content\/uploads\/2020\/03\/Capture-d\u2019\u00e9cran-2020-03-26-\u00e0-21.41.46.png 1176w, http:\/\/citemomes.fr\/wp-content\/uploads\/2020\/03\/Capture-d\u2019\u00e9cran-2020-03-26-\u00e0-21.41.46-300x288.png 300w, http:\/\/citemomes.fr\/wp-content\/uploads\/2020\/03\/Capture-d\u2019\u00e9cran-2020-03-26-\u00e0-21.41.46-768x737.png 768w, http:\/\/citemomes.fr\/wp-content\/uploads\/2020\/03\/Capture-d\u2019\u00e9cran-2020-03-26-\u00e0-21.41.46-1024x982.png 1024w, http:\/\/citemomes.fr\/wp-content\/uploads\/2020\/03\/Capture-d\u2019\u00e9cran-2020-03-26-\u00e0-21.41.46-643x617.png 643w\" alt=\"\" width=\"48\" height=\"46\" \/><\/a><em><strong><a style=\"color: #000000;\" href=\"https:\/\/www.instagram.com\/citemomes\/\"><img loading=\"lazy\" decoding=\"async\" class=\"alignnone wp-image-2023\" src=\"http:\/\/citemomes.fr\/wp-content\/uploads\/2020\/03\/Capture-d\u2019\u00e9cran-2020-03-26-\u00e0-21.42.25.png\" sizes=\"(max-width: 46px) 100vw, 46px\" srcset=\"http:\/\/citemomes.fr\/wp-content\/uploads\/2020\/03\/Capture-d\u2019\u00e9cran-2020-03-26-\u00e0-21.42.25.png 1462w, http:\/\/citemomes.fr\/wp-content\/uploads\/2020\/03\/Capture-d\u2019\u00e9cran-2020-03-26-\u00e0-21.42.25-150x150.png 150w, http:\/\/citemomes.fr\/wp-content\/uploads\/2020\/03\/Capture-d\u2019\u00e9cran-2020-03-26-\u00e0-21.42.25-297x300.png 297w, http:\/\/citemomes.fr\/wp-content\/uploads\/2020\/03\/Capture-d\u2019\u00e9cran-2020-03-26-\u00e0-21.42.25-768x776.png 768w, http:\/\/citemomes.fr\/wp-content\/uploads\/2020\/03\/Capture-d\u2019\u00e9cran-2020-03-26-\u00e0-21.42.25-1013x1024.png 1013w, http:\/\/citemomes.fr\/wp-content\/uploads\/2020\/03\/Capture-d\u2019\u00e9cran-2020-03-26-\u00e0-21.42.25-200x200.png 200w, http:\/\/citemomes.fr\/wp-content\/uploads\/2020\/03\/Capture-d\u2019\u00e9cran-2020-03-26-\u00e0-21.42.25-643x650.png 643w, http:\/\/citemomes.fr\/wp-content\/uploads\/2020\/03\/Capture-d\u2019\u00e9cran-2020-03-26-\u00e0-21.42.25-75x75.png 75w\" alt=\"\" width=\"46\" height=\"47\" \/><\/a><a style=\"color: #000000;\" href=\"https:\/\/twitter.com\/Citemomes\"><img loading=\"lazy\" decoding=\"async\" class=\"alignnone wp-image-2024\" src=\"http:\/\/citemomes.fr\/wp-content\/uploads\/2020\/03\/Capture-d\u2019\u00e9cran-2020-03-26-\u00e0-21.44.36.png\" sizes=\"(max-width: 50px) 100vw, 50px\" srcset=\"http:\/\/citemomes.fr\/wp-content\/uploads\/2020\/03\/Capture-d\u2019\u00e9cran-2020-03-26-\u00e0-21.44.36.png 552w, http:\/\/citemomes.fr\/wp-content\/uploads\/2020\/03\/Capture-d\u2019\u00e9cran-2020-03-26-\u00e0-21.44.36-300x261.png 300w\" alt=\"\" width=\"50\" height=\"44\" \/><img loading=\"lazy\" decoding=\"async\" class=\"alignnone wp-image-2049\" src=\"http:\/\/citemomes.fr\/wp-content\/uploads\/2016\/01\/Capture-d\u2019\u00e9cran-2020-03-26-\u00e0-22.43.35.png\" sizes=\"(max-width: 44px) 100vw, 44px\" srcset=\"http:\/\/citemomes.fr\/wp-content\/uploads\/2016\/01\/Capture-d\u2019\u00e9cran-2020-03-26-\u00e0-22.43.35.png 1024w, http:\/\/citemomes.fr\/wp-content\/uploads\/2016\/01\/Capture-d\u2019\u00e9cran-2020-03-26-\u00e0-22.43.35-287x300.png 287w, http:\/\/citemomes.fr\/wp-content\/uploads\/2016\/01\/Capture-d\u2019\u00e9cran-2020-03-26-\u00e0-22.43.35-768x804.png 768w, http:\/\/citemomes.fr\/wp-content\/uploads\/2016\/01\/Capture-d\u2019\u00e9cran-2020-03-26-\u00e0-22.43.35-978x1024.png 978w, http:\/\/citemomes.fr\/wp-content\/uploads\/2016\/01\/Capture-d\u2019\u00e9cran-2020-03-26-\u00e0-22.43.35-643x673.png 643w\" alt=\"\" width=\"44\" height=\"46\" \/><\/a><\/strong><\/em><\/span><\/p>\n<h4 style=\"text-align: center;\"><span style=\"color: #008080;\">\u2665<\/span><\/h4>","protected":false},"excerpt":{"rendered":"<p>La Calebasse s&#8217;agite est de retour pour vous offrir une petite pause lecture cet \u00e9t\u00e9 ! \u2600\ufe0f\ud83d\uddde Ce petit journal est le fruit du travail d&#8217;un collectif d&#8217;acteurs associatifs et porteurs de projets issus l&#8217;\u00e9cosyst\u00e8me m\u00e9tropolitain engag\u00e9s pour le bien vieillir. Nous en faisons notamment partie avec notre projet Tricote un sourire ! \ud83d\ude09 nnnnn&hellip; <a href=\"https:\/\/particuliers.citemomes.fr\/index.php\/2021\/07\/21\/3449\/\" class=\"more-link\">Lire la suite <span class=\"screen-reader-text\">Lecture d&#8217;\u00e9t\u00e9 : la Calebasse s&#8217;agite !<\/span><\/a><\/p>\n","protected":false},"author":1,"featured_media":0,"comment_status":"open","ping_status":"open","sticky":false,"template":"","format":"standard","meta":[],"categories":[172,171,170],"tags":[219,220],"yoast_head":"<!-- This site is optimized with the Yoast SEO plugin v20.0 - https:\/\/yoast.com\/wordpress\/plugins\/seo\/ -->\n<title>Lecture d&#039;\u00e9t\u00e9 : la Calebasse s&#039;agite ! -<\/title>\n<meta name=\"robots\" content=\"index, follow, max-snippet:-1, max-image-preview:large, max-video-preview:-1\" \/>\n<link rel=\"canonical\" href=\"https:\/\/particuliers.citemomes.fr\/index.php\/2021\/07\/21\/3449\/\" \/>\n<meta property=\"og:locale\" content=\"fr_FR\" \/>\n<meta property=\"og:type\" content=\"article\" \/>\n<meta property=\"og:title\" content=\"Lecture d&#039;\u00e9t\u00e9 : la Calebasse s&#039;agite ! -\" \/>\n<meta property=\"og:description\" content=\"La Calebasse s&#8217;agite est de retour pour vous offrir une petite pause lecture cet \u00e9t\u00e9 ! \u2600\ufe0f\ud83d\uddde Ce petit journal est le fruit du travail d&#8217;un collectif d&#8217;acteurs associatifs et porteurs de projets issus l&#8217;\u00e9cosyst\u00e8me m\u00e9tropolitain engag\u00e9s pour le bien vieillir. Nous en faisons notamment partie avec notre projet Tricote un sourire ! \ud83d\ude09 nnnnn&hellip; Lire la suite Lecture d&#8217;\u00e9t\u00e9 : la Calebasse s&#8217;agite !\" \/>\n<meta property=\"og:url\" content=\"https:\/\/particuliers.citemomes.fr\/index.php\/2021\/07\/21\/3449\/\" \/>\n<meta property=\"article:published_time\" content=\"2021-07-21T13:18:07+00:00\" \/>\n<meta property=\"og:image\" content=\"https:\/\/static.xx.fbcdn.net\/images\/emoji.php\/v9\/tc0\/2\/16\/1f9f6.png\" \/>\n<meta name=\"author\" content=\"admin\" \/>\n<meta name=\"twitter:card\" content=\"summary_large_image\" \/>\n<meta name=\"twitter:label1\" content=\"\u00c9crit par\" \/>\n\t<meta name=\"twitter:data1\" content=\"admin\" \/>\n\t<meta name=\"twitter:label2\" content=\"Dur\u00e9e de lecture estim\u00e9e\" \/>\n\t<meta name=\"twitter:data2\" content=\"2 minutes\" \/>\n<script type=\"application\/ld+json\" class=\"yoast-schema-graph\">{\"@context\":\"https:\/\/schema.org\",\"@graph\":[{\"@type\":\"WebPage\",\"@id\":\"https:\/\/particuliers.citemomes.fr\/index.php\/2021\/07\/21\/3449\/\",\"url\":\"https:\/\/particuliers.citemomes.fr\/index.php\/2021\/07\/21\/3449\/\",\"name\":\"Lecture d'\u00e9t\u00e9 : la Calebasse s'agite ! -\",\"isPartOf\":{\"@id\":\"http:\/\/particuliers.citemomes.fr\/#website\"},\"datePublished\":\"2021-07-21T13:18:07+00:00\",\"dateModified\":\"2021-07-21T13:18:07+00:00\",\"author\":{\"@id\":\"http:\/\/particuliers.citemomes.fr\/#\/schema\/person\/b7d2d1ef56f27deb2049e29950fb75f7\"},\"breadcrumb\":{\"@id\":\"https:\/\/particuliers.citemomes.fr\/index.php\/2021\/07\/21\/3449\/#breadcrumb\"},\"inLanguage\":\"fr-FR\",\"potentialAction\":[{\"@type\":\"ReadAction\",\"target\":[\"https:\/\/particuliers.citemomes.fr\/index.php\/2021\/07\/21\/3449\/\"]}]},{\"@type\":\"BreadcrumbList\",\"@id\":\"https:\/\/particuliers.citemomes.fr\/index.php\/2021\/07\/21\/3449\/#breadcrumb\",\"itemListElement\":[{\"@type\":\"ListItem\",\"position\":1,\"name\":\"Accueil\",\"item\":\"https:\/\/particuliers.citemomes.fr\/\"},{\"@type\":\"ListItem\",\"position\":2,\"name\":\"Lecture d&#8217;\u00e9t\u00e9 : la Calebasse s&#8217;agite !\"}]},{\"@type\":\"WebSite\",\"@id\":\"http:\/\/particuliers.citemomes.fr\/#website\",\"url\":\"http:\/\/particuliers.citemomes.fr\/\",\"name\":\"\",\"description\":\"D\u00e9couvrir, cr\u00e9er, r\u00eaver !\",\"potentialAction\":[{\"@type\":\"SearchAction\",\"target\":{\"@type\":\"EntryPoint\",\"urlTemplate\":\"http:\/\/particuliers.citemomes.fr\/?s={search_term_string}\"},\"query-input\":\"required name=search_term_string\"}],\"inLanguage\":\"fr-FR\"},{\"@type\":\"Person\",\"@id\":\"http:\/\/particuliers.citemomes.fr\/#\/schema\/person\/b7d2d1ef56f27deb2049e29950fb75f7\",\"name\":\"admin\",\"image\":{\"@type\":\"ImageObject\",\"inLanguage\":\"fr-FR\",\"@id\":\"http:\/\/particuliers.citemomes.fr\/#\/schema\/person\/image\/\",\"url\":\"https:\/\/secure.gravatar.com\/avatar\/2a31050660754423bc44e2e1ec39bd92?s=96&d=mm&r=g\",\"contentUrl\":\"https:\/\/secure.gravatar.com\/avatar\/2a31050660754423bc44e2e1ec39bd92?s=96&d=mm&r=g\",\"caption\":\"admin\"},\"url\":\"https:\/\/particuliers.citemomes.fr\/index.php\/author\/admin\/\"}]}<\/script>\n<!-- \/ Yoast SEO plugin. -->","yoast_head_json":{"title":"Lecture d'\u00e9t\u00e9 : la Calebasse s'agite ! -","robots":{"index":"index","follow":"follow","max-snippet":"max-snippet:-1","max-image-preview":"max-image-preview:large","max-video-preview":"max-video-preview:-1"},"canonical":"https:\/\/particuliers.citemomes.fr\/index.php\/2021\/07\/21\/3449\/","og_locale":"fr_FR","og_type":"article","og_title":"Lecture d'\u00e9t\u00e9 : la Calebasse s'agite ! -","og_description":"La Calebasse s&#8217;agite est de retour pour vous offrir une petite pause lecture cet \u00e9t\u00e9 ! \u2600\ufe0f\ud83d\uddde Ce petit journal est le fruit du travail d&#8217;un collectif d&#8217;acteurs associatifs et porteurs de projets issus l&#8217;\u00e9cosyst\u00e8me m\u00e9tropolitain engag\u00e9s pour le bien vieillir. Nous en faisons notamment partie avec notre projet Tricote un sourire ! \ud83d\ude09 nnnnn&hellip; Lire la suite Lecture d&#8217;\u00e9t\u00e9 : la Calebasse s&#8217;agite !","og_url":"https:\/\/particuliers.citemomes.fr\/index.php\/2021\/07\/21\/3449\/","article_published_time":"2021-07-21T13:18:07+00:00","og_image":[{"url":"https:\/\/static.xx.fbcdn.net\/images\/emoji.php\/v9\/tc0\/2\/16\/1f9f6.png"}],"author":"admin","twitter_card":"summary_large_image","twitter_misc":{"\u00c9crit par":"admin","Dur\u00e9e de lecture estim\u00e9e":"2 minutes"},"schema":{"@context":"https:\/\/schema.org","@graph":[{"@type":"WebPage","@id":"https:\/\/particuliers.citemomes.fr\/index.php\/2021\/07\/21\/3449\/","url":"https:\/\/particuliers.citemomes.fr\/index.php\/2021\/07\/21\/3449\/","name":"Lecture d'\u00e9t\u00e9 : la Calebasse s'agite ! -","isPartOf":{"@id":"http:\/\/particuliers.citemomes.fr\/#website"},"datePublished":"2021-07-21T13:18:07+00:00","dateModified":"2021-07-21T13:18:07+00:00","author":{"@id":"http:\/\/particuliers.citemomes.fr\/#\/schema\/person\/b7d2d1ef56f27deb2049e29950fb75f7"},"breadcrumb":{"@id":"https:\/\/particuliers.citemomes.fr\/index.php\/2021\/07\/21\/3449\/#breadcrumb"},"inLanguage":"fr-FR","potentialAction":[{"@type":"ReadAction","target":["https:\/\/particuliers.citemomes.fr\/index.php\/2021\/07\/21\/3449\/"]}]},{"@type":"BreadcrumbList","@id":"https:\/\/particuliers.citemomes.fr\/index.php\/2021\/07\/21\/3449\/#breadcrumb","itemListElement":[{"@type":"ListItem","position":1,"name":"Accueil","item":"https:\/\/particuliers.citemomes.fr\/"},{"@type":"ListItem","position":2,"name":"Lecture d&#8217;\u00e9t\u00e9 : la Calebasse s&#8217;agite !"}]},{"@type":"WebSite","@id":"http:\/\/particuliers.citemomes.fr\/#website","url":"http:\/\/particuliers.citemomes.fr\/","name":"","description":"D\u00e9couvrir, cr\u00e9er, r\u00eaver !","potentialAction":[{"@type":"SearchAction","target":{"@type":"EntryPoint","urlTemplate":"http:\/\/particuliers.citemomes.fr\/?s={search_term_string}"},"query-input":"required name=search_term_string"}],"inLanguage":"fr-FR"},{"@type":"Person","@id":"http:\/\/particuliers.citemomes.fr\/#\/schema\/person\/b7d2d1ef56f27deb2049e29950fb75f7","name":"admin","image":{"@type":"ImageObject","inLanguage":"fr-FR","@id":"http:\/\/particuliers.citemomes.fr\/#\/schema\/person\/image\/","url":"https:\/\/secure.gravatar.com\/avatar\/2a31050660754423bc44e2e1ec39bd92?s=96&d=mm&r=g","contentUrl":"https:\/\/secure.gravatar.com\/avatar\/2a31050660754423bc44e2e1ec39bd92?s=96&d=mm&r=g","caption":"admin"},"url":"https:\/\/particuliers.citemomes.fr\/index.php\/author\/admin\/"}]}},"_links":{"self":[{"href":"https:\/\/particuliers.citemomes.fr\/index.php\/wp-json\/wp\/v2\/posts\/4722"}],"collection":[{"href":"https:\/\/particuliers.citemomes.fr\/index.php\/wp-json\/wp\/v2\/posts"}],"about":[{"href":"https:\/\/particuliers.citemomes.fr\/index.php\/wp-json\/wp\/v2\/types\/post"}],"author":[{"embeddable":true,"href":"https:\/\/particuliers.citemomes.fr\/index.php\/wp-json\/wp\/v2\/users\/1"}],"replies":[{"embeddable":true,"href":"https:\/\/particuliers.citemomes.fr\/index.php\/wp-json\/wp\/v2\/comments?post=4722"}],"version-history":[{"count":0,"href":"https:\/\/particuliers.citemomes.fr\/index.php\/wp-json\/wp\/v2\/posts\/4722\/revisions"}],"wp:attachment":[{"href":"https:\/\/particuliers.citemomes.fr\/index.php\/wp-json\/wp\/v2\/media?parent=4722"}],"wp:term":[{"taxonomy":"category","embeddable":true,"href":"https:\/\/particuliers.citemomes.fr\/index.php\/wp-json\/wp\/v2\/categories?post=4722"},{"taxonomy":"post_tag","embeddable":true,"href":"https:\/\/particuliers.citemomes.fr\/index.php\/wp-json\/wp\/v2\/tags?post=4722"}],"curies":[{"name":"wp","href":"https:\/\/api.w.org\/{rel}","templated":true}]}}