{"id":4724,"date":"2021-07-30T13:44:24","date_gmt":"2021-07-30T12:44:24","guid":{"rendered":"http:\/\/citemomes.fr\/?p=3492"},"modified":"2021-07-30T13:44:24","modified_gmt":"2021-07-30T12:44:24","slug":"voyages-voyages-special-japon","status":"publish","type":"post","link":"https:\/\/particuliers.citemomes.fr\/index.php\/2021\/07\/30\/voyages-voyages-special-japon\/","title":{"rendered":"Voyages, voyages : sp\u00e9cial Japon !"},"content":{"rendered":"\n<figure class=\"wp-block-image size-large\"><img decoding=\"async\" src=\"http:\/\/citemomes.fr\/wp-content\/uploads\/2021\/07\/IMG_9060-1024x1024.jpg\" alt=\"\" class=\"wp-image-3520\"\/><\/figure>\n\n\n\n<p class=\"has-text-align-center\"><strong><span class=\"has-inline-color has-black-color\">C\u2019est les JO\u00a0!\u00a0Et c\u2019est \u00e0 Tokyo\u00a0!<\/span><\/strong> \ud83c\udfef<\/p>\n\n\n\n<p class=\"has-text-align-center\"><span class=\"has-inline-color has-black-color\">Cette manifestation sportive et internationale,&nbsp; c\u2019est aussi l\u2019occasion de partir faire une escapade au pays du soleil levant. Une destination tr\u00e8s \u00e9loign\u00e9e de notre culture occidentale mais au final, pas tant que \u00e7a<\/span> <span class=\"has-inline-color has-black-color\">!<\/span><\/p>\n\n\n\n<p class=\"has-text-align-center\"><span class=\"has-inline-color has-black-color\">Le Japon m\u2019\u00e9voque assez vite, les mangas avec lesquels j\u2019ai grandi comme les chevaliers du zodiaque, ou&nbsp; encore, \u00ab&nbsp;Jeanne et Serge&nbsp;\u00bb (et d\u2019ailleurs j\u2019ai appris gr\u00e2ce \u00e0 ces JO l\u2019origine de ce dessin-anim\u00e9, pour en savoir plus, c\u2019est ici&nbsp;: <a href=\"https:\/\/www.lequipe.fr\/Volley-ball\/Article\/La-folle-histoire-des-sorcieres-de-l-orient\/1271818\">https:\/\/www.lequipe.fr\/Volley-ball\/Article\/La-folle-histoire-des-sorcieres-de-l-orient\/1271818<\/a>) ou encore, le c\u00e9l\u00e8bre Mont Fuji, ic\u00f4ne du pays et de la capitale comme Grand site naturel embl\u00e9matique mais aussi en lien avec l\u2019histoire de l\u2019art et la c\u00e9l\u00e8bre s\u00e9rie d\u2019Hokusai, dont notre cher ami Monet \u00e9tait fan&nbsp;! Le mont Fuji, c\u2019est un peu la Montagne Sainte Victoire des japonais&nbsp;!!!&nbsp;\ud83d\ude09<\/span><\/p>\n\n\n\n<p class=\"has-text-align-center\"><span class=\"has-inline-color has-black-color\">Le Japon, rime aussi pour moi\u00a0 avec un autre grand nom, plus moderne, Hayao Miyazaki le p\u00e8re des studios Ghibli, des dessins-anim\u00e9s sensibles et plein de po\u00e9sie avec une palme personnel pour \u00ab\u00a0Le voyage de Chihiro\u00a0\u00bb.<\/span><\/p>\n\n\n\n<p class=\"has-text-align-center\"><span class=\"has-inline-color has-black-color\">Le Japon, c\u2019est aussi la douceur des th\u00e9s verts avec une petite pr\u00e9f\u00e9rence pour le Genmaicha, ou les th\u00e9s Sencha, sans oublier, le c\u00e9l\u00e8bre th\u00e9 Matcha, poudre verte pris\u00e9e des gourmets qui peu se mettre au diapason de nos desserts europ\u00e9ens comme le tiramisu ou encore, la cr\u00e8me brul\u00e9e&nbsp;! Une plante et une boisson magique qui m\u2019accompagne tout au long de la journ\u00e9e\u2026<\/span><\/p>\n\n\n\n<p class=\"has-text-align-center\"><span class=\"has-inline-color has-black-color\">Et en restant dans l\u2019univers de la cuisine, le voyage passe aussi par les papilles et le Japon, c\u2019est aussi le pays des bentos, ces petites bo\u00eetes \u00e0 d\u00e9jeuner remplies de mets si bien pr\u00e9sent\u00e9s qui donnent le sourire \u00e0 nos midis&nbsp;!<\/span> \ud83d\ude0a<\/p>\n\n\n\n<p class=\"has-text-align-center\"><strong><em><span class=\"has-inline-color has-black-color\">Alors qu\u2019on se le dise, le Japon, ce n\u2019est pas si loin<\/span>&#8230;<\/em><\/strong><\/p>\n\n\n\n<p class=\"has-text-align-center\"><span class=\"has-inline-color has-black-color\">Cit\u00e9m\u00f4mes vous propose donc quelques id\u00e9es pour vous mettre \u00e0 l\u2019heure du pays du soleil levant au moins jusqu\u2019au 8&nbsp; ao\u00fbt, date \u00e0 laquelle la flamme olympique, elle, se mettra au repos pendant 3 ans avant le prochain grand RDV chez nous, en 2024&nbsp;!<\/span><\/p>\n\n\n\n<p><span class=\"has-inline-color has-white-color\">kkkk<\/span><\/p>\n\n\n\n<h3 class=\"has-text-align-center\"><strong><span class=\"has-inline-color has-luminous-vivid-orange-color\"><em>Le Japon \u00e0 la maison by Cit\u00e9m\u00f4mes<\/em><\/span><\/strong><\/h3>\n\n\n\n<p><span class=\"has-inline-color has-black-color\">&#8211; <\/span>U<span class=\"has-inline-color has-black-color\">n petit bento pour le&nbsp; pique-nique du&nbsp; midi avec les inspirations du livre \u00ab&nbsp;Mes petits bento sains et gourmands&nbsp;\u00bb&nbsp;:&nbsp;<\/span><\/p>\n\n\n\n<div class=\"wp-block-image\"><figure class=\"aligncenter size-large\"><img decoding=\"async\" src=\"http:\/\/citemomes.fr\/wp-content\/uploads\/2021\/07\/IMG_9056-1024x1024.jpg\" alt=\"\" class=\"wp-image-3518\"\/><\/figure><\/div>\n\n\n\n<p class=\"has-text-align-center\"><span class=\"has-inline-color has-black-color\">&#8230; et&nbsp;le site de son auteur&nbsp;avec des recettes toujours plus gourmandes (<a href=\"https:\/\/www.laurekie.com\">https:\/\/www.laurekie.com<\/a>)<\/span> !<\/p>\n\n\n\n<p class=\"has-text-align-center\"><span class=\"has-inline-color has-black-color\">Et pour partir \u00e0 la rencontre de la cuisine japonaise, ouvrez le d\u00e9licieux livre&nbsp;:<\/span><\/p>\n\n\n\n<div class=\"wp-block-image\"><figure class=\"aligncenter size-large\"><img decoding=\"async\" src=\"http:\/\/citemomes.fr\/wp-content\/uploads\/2021\/07\/IMG_9055-1024x1024.jpg\" alt=\"\" class=\"wp-image-3496\"\/><\/figure><\/div>\n\n\n\n<p><\/p>\n\n\n\n<p><strong><span class=\"has-inline-color has-luminous-vivid-orange-color\">&#8211; \u00c0 la d\u00e9couverte de la culture japonaise avec&nbsp;:<\/span><\/strong><\/p>\n\n\n\n<p>\ud83d\udd30 <span class=\"has-inline-color has-black-color\">Le num\u00e9ro de la revue Dada \u00ab\u00a0Total japan\u00a0\u00bb<\/span> <span class=\"has-inline-color has-black-color\">:<\/span><\/p>\n\n\n\n<figure class=\"wp-block-image size-large\"><img decoding=\"async\" src=\"http:\/\/citemomes.fr\/wp-content\/uploads\/2021\/07\/IMG_9054-1-1024x1024.jpg\" alt=\"\" class=\"wp-image-3526\"\/><\/figure>\n\n\n\n<p>\ud83d\udd30 <span class=\"has-inline-color has-black-color\">J\u2019apprends en\u00a0 coloriant avec le petit Hokusai<\/span><\/p>\n\n\n\n<figure class=\"wp-block-image size-large\"><img decoding=\"async\" src=\"http:\/\/citemomes.fr\/wp-content\/uploads\/2021\/07\/IMG_9053-1024x1024.jpg\" alt=\"\" class=\"wp-image-3495\"\/><\/figure>\n\n\n\n<p>\ud83d\udc49 <span class=\"has-inline-color has-black-color\">Plus de r\u00e9f\u00e9rences sur cette article\u00a0: <\/span><a href=\"https:\/\/www.journaldujapon.com\/2020\/02\/06\/le-japon-raconte-aux-enfants\/\">https:\/\/www.journaldujapon.com\/2020\/02\/06\/le-japon-raconte-aux-enfants\/<\/a><\/p>\n\n\n\n<p>\ud83d\udd30 <span class=\"has-inline-color has-black-color\">Le sublime livre de coloriage&nbsp;:<\/span><\/p>\n\n\n\n<div class=\"wp-block-image\"><figure class=\"aligncenter size-large\"><img decoding=\"async\" src=\"http:\/\/citemomes.fr\/wp-content\/uploads\/2021\/07\/IMG_9052-1-1024x1024.jpg\" alt=\"\" class=\"wp-image-3519\"\/><\/figure><\/div>\n\n\n\n<p><span class=\"has-inline-color has-black-color\">ou le site <a href=\"https:\/\/www.justcolor.net\/fr\/voyages\/coloriage-japon\/\">https:\/\/www.justcolor.net\/fr\/voyages\/coloriage-japon\/<\/a> pour en imprimer&nbsp;!<\/span> <\/p>\n\n\n\n<p><span class=\"has-inline-color has-white-color\">,,,,,,<\/span><\/p>\n\n\n\n<p><strong><em><span class=\"has-inline-color has-luminous-vivid-orange-color\">&#8211; Des petits ateliers&nbsp;:&nbsp;<\/span><\/em><\/strong><\/p>\n\n\n\n<p>\ud83d\udd30 <span class=\"has-inline-color has-black-color\">La c\u00e9l\u00e8bre carpe Koi&nbsp;: <a href=\"http:\/\/ocalypso.canalblog.com\/archives\/2014\/05\/10\/29842702.html\">http:\/\/ocalypso.canalblog.com\/archives\/2014\/05\/10\/29842702.html<\/a><\/span><\/p>\n\n\n\n<p>\ud83d\udd30 <span class=\"has-inline-color has-black-color\">La grue \u00ab&nbsp;porte-bonheur&nbsp;\u00bb&nbsp;: <a href=\"http:\/\/www.photorigami.fr\/origami-facile-grue-japonaise\/\">http:\/\/www.photorigami.fr\/origami-facile-grue-japonaise\/<\/a><\/span><\/p>\n\n\n\n<p><span class=\"has-inline-color has-white-color\">,,,,,,,,<\/span><\/p>\n\n\n\n<p><strong><em><span class=\"has-inline-color has-luminous-vivid-orange-color\">&#8211; Une s\u00e9ance de cin\u00e9ma sp\u00e9cial studio Ghibli<\/span><\/em><\/strong><\/p>\n\n\n\n<p>\ud83d\udd30 <span class=\"has-inline-color has-black-color\">Pour les plus petits&nbsp;: Ponyo sur la falaise<\/span><\/p>\n\n\n\n<p>\ud83d\udd30<span class=\"has-inline-color has-black-color\">Et pour les plus grands&nbsp;: <em>Le Vent se l\u00e8ve<\/em> ou <em>Le Voyage de Chihiro<\/em><\/span><\/p>\n\n\n\n<p class=\"has-text-align-center\"><span class=\"has-inline-color has-black-color\">Si vous \u00eates&nbsp; motiv\u00e9s, vous pouvez aussi vous faire un petit marathon, la liste enti\u00e8re est longue&nbsp;! \ud83d\ude09<\/span><\/p>\n\n\n\n<p><span class=\"has-inline-color has-white-color\">kkkkk<\/span><\/p>\n\n\n\n<p class=\"has-text-align-center\"><span class=\"has-inline-color has-black-color\">Et pour finir, si vous appreniez quelques mots de japonais&nbsp;! Un petit cours pour toute la famille&nbsp;:<a href=\" https:\/\/www.momes.net\/apprendre\/langues-etrangeres\/japonais\/japonais-le-vocabulaire-de-base-849814\"> https:\/\/www.momes.net\/apprendre\/langues-etrangeres\/japonais\/japonais-le-vocabulaire-de-base-849814<\/a><\/span><\/p>\n\n\n\n<p><\/p>\n\n\n<p><span style=\"color: #ffffff;\">kkkk<\/span><\/p>\n<p><span style=\"color: #ffffff;\">kkkk<\/span><\/p>\n<p style=\"text-align: center;\"><span style=\"color: #000000;\"><a style=\"color: #000000;\" href=\"https:\/\/www.facebook.com\/citemomes\/\"><img decoding=\"async\" class=\"alignnone wp-image-2021\" src=\"http:\/\/citemomes.fr\/wp-content\/uploads\/2020\/03\/Capture-d\u2019\u00e9cran-2020-03-26-\u00e0-21.41.46.png\" sizes=\"(max-width: 48px) 100vw, 48px\" srcset=\"http:\/\/citemomes.fr\/wp-content\/uploads\/2020\/03\/Capture-d\u2019\u00e9cran-2020-03-26-\u00e0-21.41.46.png 1176w, http:\/\/citemomes.fr\/wp-content\/uploads\/2020\/03\/Capture-d\u2019\u00e9cran-2020-03-26-\u00e0-21.41.46-300x288.png 300w, http:\/\/citemomes.fr\/wp-content\/uploads\/2020\/03\/Capture-d\u2019\u00e9cran-2020-03-26-\u00e0-21.41.46-768x737.png 768w, http:\/\/citemomes.fr\/wp-content\/uploads\/2020\/03\/Capture-d\u2019\u00e9cran-2020-03-26-\u00e0-21.41.46-1024x982.png 1024w, http:\/\/citemomes.fr\/wp-content\/uploads\/2020\/03\/Capture-d\u2019\u00e9cran-2020-03-26-\u00e0-21.41.46-643x617.png 643w\" alt=\"\" width=\"48\" height=\"46\"><\/a><em><strong><a style=\"color: #000000;\" href=\"https:\/\/www.instagram.com\/citemomes\/\"><img decoding=\"async\" class=\"alignnone wp-image-2023\" src=\"http:\/\/citemomes.fr\/wp-content\/uploads\/2020\/03\/Capture-d\u2019\u00e9cran-2020-03-26-\u00e0-21.42.25.png\" sizes=\"(max-width: 46px) 100vw, 46px\" srcset=\"http:\/\/citemomes.fr\/wp-content\/uploads\/2020\/03\/Capture-d\u2019\u00e9cran-2020-03-26-\u00e0-21.42.25.png 1462w, http:\/\/citemomes.fr\/wp-content\/uploads\/2020\/03\/Capture-d\u2019\u00e9cran-2020-03-26-\u00e0-21.42.25-150x150.png 150w, http:\/\/citemomes.fr\/wp-content\/uploads\/2020\/03\/Capture-d\u2019\u00e9cran-2020-03-26-\u00e0-21.42.25-297x300.png 297w, http:\/\/citemomes.fr\/wp-content\/uploads\/2020\/03\/Capture-d\u2019\u00e9cran-2020-03-26-\u00e0-21.42.25-768x776.png 768w, http:\/\/citemomes.fr\/wp-content\/uploads\/2020\/03\/Capture-d\u2019\u00e9cran-2020-03-26-\u00e0-21.42.25-1013x1024.png 1013w, http:\/\/citemomes.fr\/wp-content\/uploads\/2020\/03\/Capture-d\u2019\u00e9cran-2020-03-26-\u00e0-21.42.25-200x200.png 200w, http:\/\/citemomes.fr\/wp-content\/uploads\/2020\/03\/Capture-d\u2019\u00e9cran-2020-03-26-\u00e0-21.42.25-643x650.png 643w, http:\/\/citemomes.fr\/wp-content\/uploads\/2020\/03\/Capture-d\u2019\u00e9cran-2020-03-26-\u00e0-21.42.25-75x75.png 75w\" alt=\"\" width=\"46\" height=\"47\"><\/a><a style=\"color: #000000;\" href=\"https:\/\/twitter.com\/Citemomes\"><img decoding=\"async\" class=\"alignnone wp-image-2024\" src=\"http:\/\/citemomes.fr\/wp-content\/uploads\/2020\/03\/Capture-d\u2019\u00e9cran-2020-03-26-\u00e0-21.44.36.png\" sizes=\"(max-width: 50px) 100vw, 50px\" srcset=\"http:\/\/citemomes.fr\/wp-content\/uploads\/2020\/03\/Capture-d\u2019\u00e9cran-2020-03-26-\u00e0-21.44.36.png 552w, http:\/\/citemomes.fr\/wp-content\/uploads\/2020\/03\/Capture-d\u2019\u00e9cran-2020-03-26-\u00e0-21.44.36-300x261.png 300w\" alt=\"\" width=\"50\" height=\"44\"><img loading=\"lazy\" decoding=\"async\" class=\"alignnone wp-image-2049\" src=\"http:\/\/citemomes.fr\/wp-content\/uploads\/2016\/01\/Capture-d\u2019\u00e9cran-2020-03-26-\u00e0-22.43.35.png\" sizes=\"(max-width: 44px) 100vw, 44px\" srcset=\"http:\/\/citemomes.fr\/wp-content\/uploads\/2016\/01\/Capture-d\u2019\u00e9cran-2020-03-26-\u00e0-22.43.35.png 1024w, http:\/\/citemomes.fr\/wp-content\/uploads\/2016\/01\/Capture-d\u2019\u00e9cran-2020-03-26-\u00e0-22.43.35-287x300.png 287w, http:\/\/citemomes.fr\/wp-content\/uploads\/2016\/01\/Capture-d\u2019\u00e9cran-2020-03-26-\u00e0-22.43.35-768x804.png 768w, http:\/\/citemomes.fr\/wp-content\/uploads\/2016\/01\/Capture-d\u2019\u00e9cran-2020-03-26-\u00e0-22.43.35-978x1024.png 978w, http:\/\/citemomes.fr\/wp-content\/uploads\/2016\/01\/Capture-d\u2019\u00e9cran-2020-03-26-\u00e0-22.43.35-643x673.png 643w\" alt=\"\" width=\"44\" height=\"46\"><\/a><\/strong><\/em><\/span><\/p>\n<h4 style=\"text-align: center;\"><span style=\"color: #008080;\">\u2665<\/span><\/h4>","protected":false},"excerpt":{"rendered":"<p>C\u2019est les JO\u00a0!\u00a0Et c\u2019est \u00e0 Tokyo\u00a0! \ud83c\udfef Cette manifestation sportive et internationale,&nbsp; c\u2019est aussi l\u2019occasion de partir faire une escapade au pays du soleil levant. Une destination tr\u00e8s \u00e9loign\u00e9e de notre culture occidentale mais au final, pas tant que \u00e7a ! Le Japon m\u2019\u00e9voque assez vite, les mangas avec lesquels j\u2019ai grandi comme les chevaliers&hellip; <a href=\"https:\/\/particuliers.citemomes.fr\/index.php\/2021\/07\/30\/voyages-voyages-special-japon\/\" class=\"more-link\">Lire la suite <span class=\"screen-reader-text\">Voyages, voyages : sp\u00e9cial Japon !<\/span><\/a><\/p>\n","protected":false},"author":1,"featured_media":0,"comment_status":"open","ping_status":"open","sticky":false,"template":"","format":"standard","meta":[],"categories":[1],"tags":[223,224,225,183],"yoast_head":"<!-- This site is optimized with the Yoast SEO plugin v20.0 - https:\/\/yoast.com\/wordpress\/plugins\/seo\/ -->\n<title>Voyages, voyages : sp\u00e9cial Japon ! -<\/title>\n<meta name=\"robots\" content=\"index, follow, max-snippet:-1, max-image-preview:large, max-video-preview:-1\" \/>\n<link rel=\"canonical\" href=\"https:\/\/particuliers.citemomes.fr\/index.php\/2021\/07\/30\/voyages-voyages-special-japon\/\" \/>\n<meta property=\"og:locale\" content=\"fr_FR\" \/>\n<meta property=\"og:type\" content=\"article\" \/>\n<meta property=\"og:title\" content=\"Voyages, voyages : sp\u00e9cial Japon ! -\" \/>\n<meta property=\"og:description\" content=\"C\u2019est les JO\u00a0!\u00a0Et c\u2019est \u00e0 Tokyo\u00a0! \ud83c\udfef Cette manifestation sportive et internationale,&nbsp; c\u2019est aussi l\u2019occasion de partir faire une escapade au pays du soleil levant. Une destination tr\u00e8s \u00e9loign\u00e9e de notre culture occidentale mais au final, pas tant que \u00e7a ! Le Japon m\u2019\u00e9voque assez vite, les mangas avec lesquels j\u2019ai grandi comme les chevaliers&hellip; Lire la suite Voyages, voyages : sp\u00e9cial Japon !\" \/>\n<meta property=\"og:url\" content=\"https:\/\/particuliers.citemomes.fr\/index.php\/2021\/07\/30\/voyages-voyages-special-japon\/\" \/>\n<meta property=\"article:published_time\" content=\"2021-07-30T12:44:24+00:00\" \/>\n<meta property=\"og:image\" content=\"http:\/\/citemomes.fr\/wp-content\/uploads\/2021\/07\/IMG_9060-1024x1024.jpg\" \/>\n<meta name=\"author\" content=\"admin\" \/>\n<meta name=\"twitter:card\" content=\"summary_large_image\" \/>\n<meta name=\"twitter:label1\" content=\"\u00c9crit par\" \/>\n\t<meta name=\"twitter:data1\" content=\"admin\" \/>\n\t<meta name=\"twitter:label2\" content=\"Dur\u00e9e de lecture estim\u00e9e\" \/>\n\t<meta name=\"twitter:data2\" content=\"5 minutes\" \/>\n<script type=\"application\/ld+json\" class=\"yoast-schema-graph\">{\"@context\":\"https:\/\/schema.org\",\"@graph\":[{\"@type\":\"WebPage\",\"@id\":\"https:\/\/particuliers.citemomes.fr\/index.php\/2021\/07\/30\/voyages-voyages-special-japon\/\",\"url\":\"https:\/\/particuliers.citemomes.fr\/index.php\/2021\/07\/30\/voyages-voyages-special-japon\/\",\"name\":\"Voyages, voyages : sp\u00e9cial Japon ! -\",\"isPartOf\":{\"@id\":\"http:\/\/particuliers.citemomes.fr\/#website\"},\"datePublished\":\"2021-07-30T12:44:24+00:00\",\"dateModified\":\"2021-07-30T12:44:24+00:00\",\"author\":{\"@id\":\"http:\/\/particuliers.citemomes.fr\/#\/schema\/person\/b7d2d1ef56f27deb2049e29950fb75f7\"},\"breadcrumb\":{\"@id\":\"https:\/\/particuliers.citemomes.fr\/index.php\/2021\/07\/30\/voyages-voyages-special-japon\/#breadcrumb\"},\"inLanguage\":\"fr-FR\",\"potentialAction\":[{\"@type\":\"ReadAction\",\"target\":[\"https:\/\/particuliers.citemomes.fr\/index.php\/2021\/07\/30\/voyages-voyages-special-japon\/\"]}]},{\"@type\":\"BreadcrumbList\",\"@id\":\"https:\/\/particuliers.citemomes.fr\/index.php\/2021\/07\/30\/voyages-voyages-special-japon\/#breadcrumb\",\"itemListElement\":[{\"@type\":\"ListItem\",\"position\":1,\"name\":\"Accueil\",\"item\":\"https:\/\/particuliers.citemomes.fr\/\"},{\"@type\":\"ListItem\",\"position\":2,\"name\":\"Voyages, voyages : sp\u00e9cial Japon !\"}]},{\"@type\":\"WebSite\",\"@id\":\"http:\/\/particuliers.citemomes.fr\/#website\",\"url\":\"http:\/\/particuliers.citemomes.fr\/\",\"name\":\"\",\"description\":\"D\u00e9couvrir, cr\u00e9er, r\u00eaver !\",\"potentialAction\":[{\"@type\":\"SearchAction\",\"target\":{\"@type\":\"EntryPoint\",\"urlTemplate\":\"http:\/\/particuliers.citemomes.fr\/?s={search_term_string}\"},\"query-input\":\"required name=search_term_string\"}],\"inLanguage\":\"fr-FR\"},{\"@type\":\"Person\",\"@id\":\"http:\/\/particuliers.citemomes.fr\/#\/schema\/person\/b7d2d1ef56f27deb2049e29950fb75f7\",\"name\":\"admin\",\"image\":{\"@type\":\"ImageObject\",\"inLanguage\":\"fr-FR\",\"@id\":\"http:\/\/particuliers.citemomes.fr\/#\/schema\/person\/image\/\",\"url\":\"https:\/\/secure.gravatar.com\/avatar\/2a31050660754423bc44e2e1ec39bd92?s=96&d=mm&r=g\",\"contentUrl\":\"https:\/\/secure.gravatar.com\/avatar\/2a31050660754423bc44e2e1ec39bd92?s=96&d=mm&r=g\",\"caption\":\"admin\"},\"url\":\"https:\/\/particuliers.citemomes.fr\/index.php\/author\/admin\/\"}]}<\/script>\n<!-- \/ Yoast SEO plugin. -->","yoast_head_json":{"title":"Voyages, voyages : sp\u00e9cial Japon ! -","robots":{"index":"index","follow":"follow","max-snippet":"max-snippet:-1","max-image-preview":"max-image-preview:large","max-video-preview":"max-video-preview:-1"},"canonical":"https:\/\/particuliers.citemomes.fr\/index.php\/2021\/07\/30\/voyages-voyages-special-japon\/","og_locale":"fr_FR","og_type":"article","og_title":"Voyages, voyages : sp\u00e9cial Japon ! -","og_description":"C\u2019est les JO\u00a0!\u00a0Et c\u2019est \u00e0 Tokyo\u00a0! \ud83c\udfef Cette manifestation sportive et internationale,&nbsp; c\u2019est aussi l\u2019occasion de partir faire une escapade au pays du soleil levant. Une destination tr\u00e8s \u00e9loign\u00e9e de notre culture occidentale mais au final, pas tant que \u00e7a ! Le Japon m\u2019\u00e9voque assez vite, les mangas avec lesquels j\u2019ai grandi comme les chevaliers&hellip; Lire la suite Voyages, voyages : sp\u00e9cial Japon !","og_url":"https:\/\/particuliers.citemomes.fr\/index.php\/2021\/07\/30\/voyages-voyages-special-japon\/","article_published_time":"2021-07-30T12:44:24+00:00","og_image":[{"url":"http:\/\/citemomes.fr\/wp-content\/uploads\/2021\/07\/IMG_9060-1024x1024.jpg"}],"author":"admin","twitter_card":"summary_large_image","twitter_misc":{"\u00c9crit par":"admin","Dur\u00e9e de lecture estim\u00e9e":"5 minutes"},"schema":{"@context":"https:\/\/schema.org","@graph":[{"@type":"WebPage","@id":"https:\/\/particuliers.citemomes.fr\/index.php\/2021\/07\/30\/voyages-voyages-special-japon\/","url":"https:\/\/particuliers.citemomes.fr\/index.php\/2021\/07\/30\/voyages-voyages-special-japon\/","name":"Voyages, voyages : sp\u00e9cial Japon ! -","isPartOf":{"@id":"http:\/\/particuliers.citemomes.fr\/#website"},"datePublished":"2021-07-30T12:44:24+00:00","dateModified":"2021-07-30T12:44:24+00:00","author":{"@id":"http:\/\/particuliers.citemomes.fr\/#\/schema\/person\/b7d2d1ef56f27deb2049e29950fb75f7"},"breadcrumb":{"@id":"https:\/\/particuliers.citemomes.fr\/index.php\/2021\/07\/30\/voyages-voyages-special-japon\/#breadcrumb"},"inLanguage":"fr-FR","potentialAction":[{"@type":"ReadAction","target":["https:\/\/particuliers.citemomes.fr\/index.php\/2021\/07\/30\/voyages-voyages-special-japon\/"]}]},{"@type":"BreadcrumbList","@id":"https:\/\/particuliers.citemomes.fr\/index.php\/2021\/07\/30\/voyages-voyages-special-japon\/#breadcrumb","itemListElement":[{"@type":"ListItem","position":1,"name":"Accueil","item":"https:\/\/particuliers.citemomes.fr\/"},{"@type":"ListItem","position":2,"name":"Voyages, voyages : sp\u00e9cial Japon !"}]},{"@type":"WebSite","@id":"http:\/\/particuliers.citemomes.fr\/#website","url":"http:\/\/particuliers.citemomes.fr\/","name":"","description":"D\u00e9couvrir, cr\u00e9er, r\u00eaver !","potentialAction":[{"@type":"SearchAction","target":{"@type":"EntryPoint","urlTemplate":"http:\/\/particuliers.citemomes.fr\/?s={search_term_string}"},"query-input":"required name=search_term_string"}],"inLanguage":"fr-FR"},{"@type":"Person","@id":"http:\/\/particuliers.citemomes.fr\/#\/schema\/person\/b7d2d1ef56f27deb2049e29950fb75f7","name":"admin","image":{"@type":"ImageObject","inLanguage":"fr-FR","@id":"http:\/\/particuliers.citemomes.fr\/#\/schema\/person\/image\/","url":"https:\/\/secure.gravatar.com\/avatar\/2a31050660754423bc44e2e1ec39bd92?s=96&d=mm&r=g","contentUrl":"https:\/\/secure.gravatar.com\/avatar\/2a31050660754423bc44e2e1ec39bd92?s=96&d=mm&r=g","caption":"admin"},"url":"https:\/\/particuliers.citemomes.fr\/index.php\/author\/admin\/"}]}},"_links":{"self":[{"href":"https:\/\/particuliers.citemomes.fr\/index.php\/wp-json\/wp\/v2\/posts\/4724"}],"collection":[{"href":"https:\/\/particuliers.citemomes.fr\/index.php\/wp-json\/wp\/v2\/posts"}],"about":[{"href":"https:\/\/particuliers.citemomes.fr\/index.php\/wp-json\/wp\/v2\/types\/post"}],"author":[{"embeddable":true,"href":"https:\/\/particuliers.citemomes.fr\/index.php\/wp-json\/wp\/v2\/users\/1"}],"replies":[{"embeddable":true,"href":"https:\/\/particuliers.citemomes.fr\/index.php\/wp-json\/wp\/v2\/comments?post=4724"}],"version-history":[{"count":0,"href":"https:\/\/particuliers.citemomes.fr\/index.php\/wp-json\/wp\/v2\/posts\/4724\/revisions"}],"wp:attachment":[{"href":"https:\/\/particuliers.citemomes.fr\/index.php\/wp-json\/wp\/v2\/media?parent=4724"}],"wp:term":[{"taxonomy":"category","embeddable":true,"href":"https:\/\/particuliers.citemomes.fr\/index.php\/wp-json\/wp\/v2\/categories?post=4724"},{"taxonomy":"post_tag","embeddable":true,"href":"https:\/\/particuliers.citemomes.fr\/index.php\/wp-json\/wp\/v2\/tags?post=4724"}],"curies":[{"name":"wp","href":"https:\/\/api.w.org\/{rel}","templated":true}]}}