{"id":4733,"date":"2021-12-06T10:59:39","date_gmt":"2021-12-06T09:59:39","guid":{"rendered":"https:\/\/www.citemomes.fr\/?p=3815"},"modified":"2021-12-06T10:59:39","modified_gmt":"2021-12-06T09:59:39","slug":"le-noel-de-citemomes-le-programme","status":"publish","type":"post","link":"https:\/\/particuliers.citemomes.fr\/index.php\/2021\/12\/06\/le-noel-de-citemomes-le-programme\/","title":{"rendered":"Le No\u00ebl de Cit\u00e9m\u00f4mes : le programme !"},"content":{"rendered":"\t\t<div data-elementor-type=\"wp-post\" data-elementor-id=\"4733\" class=\"elementor elementor-4733\">\n\t\t\t\t\t\t<section class=\"elementor-section elementor-top-section elementor-element elementor-element-262adb25 elementor-section-boxed elementor-section-height-default elementor-section-height-default\" data-id=\"262adb25\" data-element_type=\"section\">\n\t\t\t\t\t\t<div class=\"elementor-container elementor-column-gap-default\">\n\t\t\t\t\t<div class=\"elementor-column elementor-col-100 elementor-top-column elementor-element elementor-element-75dfdc02\" data-id=\"75dfdc02\" data-element_type=\"column\">\n\t\t\t<div class=\"elementor-widget-wrap elementor-element-populated\">\n\t\t\t\t\t\t<div class=\"elementor-element elementor-element-624096a0 elementor-widget elementor-widget-text-editor\" data-id=\"624096a0\" data-element_type=\"widget\" data-widget_type=\"text-editor.default\">\n\t\t\t\t<div class=\"elementor-widget-container\">\n\t\t\t\t\t\t\t<p><!-- wp:paragraph {\"align\":\"center\"} --><\/p>\n<p class=\"has-text-align-center\"><strong><span class=\"has-inline-color has-black-color\">Durant tous le mois de d\u00e9cembre et jusqu&#8217;\u00e0 la date tant attendue de No\u00ebl, l&#8217;\u00e9quipe de Cit\u00e9m\u00f4mes vous donne rendez-vous \u00e0 l&#8217;ext\u00e9rieur ainsi qu&#8217;\u00e0 son local pour des petits ateliers cr\u00e9atifs scintillants et amusants ! \ud83c\udf84\ud83c\udf81<\/span><\/strong><\/p>\n<p>\u00a0<\/p>\n<p style=\"text-align: center;\"><span style=\"color: #000000;\"><span style=\"text-decoration: underline;\">VOICI LE PROGRAMME<\/span> :\u00a0<\/span><\/p>\n<p>\u00a0<\/p>\n<h3><span style=\"color: #000000;\"><strong>\u2b50\ufe0f \u00c0 l&#8217;ext\u00e9rieur : les mercredis, samedis et dimanches !<\/strong><\/span><\/h3>\n<p>\u00a0<\/p>\n<h4 class=\"p1\"><span style=\"color: #33cccc;\"><b>\ud83d\udcc6 LES DOCKS 76 \ud83d\udccd<\/b><\/span><\/h4>\n<p><span style=\"color: #ffffff;\">&#8212;&#8212;-<\/span><\/p>\n<p class=\"p3\"><span style=\"color: #000000;\"><b>Mercredi 8 d\u00e9cembre, 14h-18h30<\/b><\/span><\/p>\n<p class=\"p3\"><span style=\"color: #000000;\">Atelier \u00ab\u00a0Petit ange\u00a0\u00bb, \u00e0 partir de 4 ans,<i> gratuit et sans inscription<\/i>.<\/span><\/p>\n<p>\u00a0<\/p>\n<p class=\"p3\"><span style=\"color: #000000;\"><b>Samedi 11 d\u00e9cembre, 14h-18h30<\/b><\/span><\/p>\n<p class=\"p3\"><span style=\"color: #000000;\">Atelier \u00ab\u00a0Crackers festifs\u00a0\u00bb, \u00e0 partir de 4 ans,<i> gratuit et sans inscription<\/i>.<\/span><\/p>\n<p>\u00a0<\/p>\n<p class=\"p3\"><span style=\"color: #000000;\"><b>Dimanche 12 d\u00e9cembre, 14h-18h30<\/b><\/span><\/p>\n<p class=\"p3\"><span style=\"color: #000000;\">Atelier \u00ab\u00a0Petite carte de No\u00ebl scintillante\u00a0\u00bb, \u00e0 partir de 4 ans, <i>gratuit<\/i> <i>et sans inscription<\/i>.<\/span><\/p>\n<p>\u00a0<\/p>\n<p class=\"p3\"><span style=\"color: #000000;\"><b>Mercredi 15 d\u00e9cembre, 14h-18h30<\/b><\/span><\/p>\n<p class=\"p3\"><span style=\"color: #000000;\">Atelier \u00ab\u00a0Sapin sur son 31\u00a0\u00bb, \u00e0 partir de 4 ans, <i>gratuit<\/i> et<i> sans inscription<\/i>.<\/span><\/p>\n<p>\u00a0<\/p>\n<p class=\"p3\"><span style=\"color: #000000;\"><b>Samedi 18 d\u00e9cembre, 14h-18h30<\/b><\/span><\/p>\n<p class=\"p3\"><span style=\"color: #000000;\">Atelier \u00ab\u00a0Petites boules de No\u00ebl pompons\u00a0\u00bb, <i>\u00e0 partir de 4 ans, gratuit et sans inscription<\/i>.<\/span><\/p>\n<p>\u00a0<\/p>\n<p class=\"p3\"><span style=\"color: #000000;\"><b>Dimanche 19 d\u00e9cembre, 14h-18h30<\/b><\/span><\/p>\n<p class=\"p3\"><span style=\"color: #000000;\">Atelier \u00ab\u00a0Petit ange\u00a0\u00bb, \u00e0 partir de 4 ans,<i> gratuit et sans inscription<\/i>.<\/span><\/p>\n<p>\u00a0<\/p>\n<p class=\"p3\"><span style=\"color: #000000;\"><b>Mercredi 22 d\u00e9cembre, 14h-18h30<\/b><\/span><\/p>\n<p class=\"p3\"><span style=\"color: #000000;\">Atelier \u00ab\u00a0Crackers festifs\u00a0\u00bb, \u00e0 partir de 4 ans,<i> gratuit et sans inscription<\/i>.<\/span><\/p>\n<p class=\"p3\"><span style=\"color: #ffffff;\">kkkkk<\/span><\/p>\n<p>\u00a0<\/p>\n<h4 class=\"p1\"><span style=\"color: #33cccc;\"><b>\ud83d\udcc6 ROUEN GIVR\u00c9E \ud83d\udccd<\/b><\/span><\/h4>\n<div><span style=\"color: #33cccc;\"><b>\u00a0<\/b><\/span><\/div>\n<p class=\"p1\"><span style=\"color: #000000;\"><b>Mercredi 8 d\u00e9cembre, 15h30-18h30<\/b><\/span><\/p>\n<p class=\"p1\"><span style=\"color: #000000;\">Atelier \u00ab\u00a0Cartes de No\u00ebl graphiques\u00a0\u00bb au Refuge Givr\u00e9, <i>\u00e0 partir de 4 ans, gratuit et sans inscription<\/i>.<\/span><\/p>\n<p class=\"p1\"><span style=\"color: #000000;\">\u00a0<\/span><\/p>\n<p class=\"p1\"><span style=\"color: #000000;\"><b>Samedi 18 d\u00e9cembre, 10h-12h30 \/ 14h30-18h<\/b><\/span><\/p>\n<p class=\"p1\"><span style=\"color: #000000;\">Atelier \u00ab\u00a0D\u00e9cos brod\u00e9es\u00a0\u00bb au Refuge Givr\u00e9, <i>\u00e0 partir de 4 ans, gratuit et sans inscription<\/i>.<\/span><\/p>\n<p class=\"p1\"><span style=\"color: #000000;\">\u00a0<\/span><\/p>\n<p class=\"p1\"><span style=\"color: #000000;\"><b>Mercredi 22 d\u00e9cembre, 10h-12h30 \/ 14H30-18h30<\/b><\/span><\/p>\n<p class=\"p1\"><span style=\"color: #000000;\">Atelier \u00ab\u00a0Bo\u00eetes \u00e0 voeux\u00a0\u00bb au Refuge Givr\u00e9, <i>\u00e0 partir de 4 ans, gratuit et sans inscription<\/i>.<\/span><\/p>\n<p class=\"p1\"><span style=\"color: #ffffff;\">kkkkk<\/span><\/p>\n<p><span style=\"color: #ffffff;\">JJJJJ<\/span><\/p>\n<h4 class=\"p1\"><span style=\"color: #33cccc;\"><b>\ud83d\udcc6 MON P&#8217;TIT ATELIER DE LA COP 21 \ud83d\udccd<\/b><\/span><\/h4>\n<p>\u00a0<\/p>\n<h4 class=\"p1\"><em><span style=\"color: #000000;\"><b>M\u00e9diath\u00e8que de Grand-Quevilly<\/b><\/span><\/em><\/h4>\n<p>\u00a0<\/p>\n<p class=\"p1\"><span style=\"color: #000000;\"><b>Mercredi 15 d\u00e9cembre, de 14h \u00e0 15h \/ 15h30-16h30<\/b><\/span><\/p>\n<p class=\"p1\"><span style=\"color: #000000;\">Atelier \u00ab\u00a0No\u00ebl Z\u00e9ro d\u00e9chet\u00a0\u00bb, <i>tout public, sur inscription aupr\u00e8s de la M\u00e9diath\u00e8que.<\/i><\/span><\/p>\n<p>\u00a0<\/p>\n<p class=\"p1\"><span style=\"color: #000000;\"><b>Samedi 18 d\u00e9cembre, de 10h-11h ou 11h15-12h15,<\/b><\/span><\/p>\n<p class=\"p1\"><span style=\"color: #000000;\">Atelier \u00ab\u00a0No\u00ebl Z\u00e9ro d\u00e9chet\u00a0\u00bb, <i>tout public, sur inscription aupr\u00e8s de la M\u00e9diath\u00e8que.<\/i><\/span><\/p>\n<p><span style=\"color: #ffffff;\">JJJJJJJjjjj<\/span><\/p>\n<h3>\u00a0<\/h3>\n<h3>\u2b50\ufe0f <span style=\"color: #000000;\"><strong>Chez nous : du 20 au 23 d\u00e9cembre !<\/strong><\/span><\/h3>\n<p>\u00a0<\/p>\n<p><!-- \/wp:paragraph --><\/p>\n<p><!-- wp:paragraph --><\/p>\n<p><!-- \/wp:paragraph --><\/p>\n<p><!-- wp:image {\"align\":\"center\",\"id\":3816,\"sizeSlug\":\"large\"} --><\/p>\n<p><!-- \/wp:image --><\/p>\n<p><!-- wp:paragraph --><\/p>\n<p><!-- \/wp:paragraph --><\/p>\n<p><!-- wp:paragraph --><\/p>\n<p><!-- \/wp:paragraph --><\/p>\n<p><!-- wp:paragraph --><\/p>\n<p><!-- \/wp:paragraph --><\/p>\n<p><!-- wp:paragraph --><\/p>\n<p><img decoding=\"async\" class=\"wp-image-3816\" src=\"https:\/\/www.citemomes.fr\/wp-content\/uploads\/2021\/12\/Capture-de\u0301cran-2021-12-06-a\u0300-09.33.28-723x1024.png\" alt=\"\" \/><\/p>\n<p style=\"text-align: center;\"><span style=\"color: #000000;\"><strong>Inscrivez d\u00e8s maintenant vos enfants ! \ud83e\udd29\ud83c\udf84<\/strong><\/span><\/p>\n<p><span style=\"color: #000000;\">Pensez \u00e9galement \u00e0 nos cartes d\u2019ateliers (5, 10 ou 20 ateliers) pour des tarifs d\u00e9gressifs :\u00a0<a style=\"color: #000000;\" href=\"https:\/\/www.helloasso.com\/associations\/citemomes\/evenements\/les-cartes-cadeaux-citemomes\">https:\/\/www.helloasso.com\/associations\/citemomes\/evenements\/les-cartes-cadeaux-citemomes<\/a>.<\/span><\/p>\n<div>\u00a0<\/div>\n<p><span style=\"color: #000000;\"><strong>Pour r\u00e9server :\u00a0<\/strong><\/span><\/p>\n<p>\ud83c\udf81\u00a0<span style=\"color: #000000;\"><strong>En ligne via HelloAsso<\/strong>\u00a0:\u00a0<a style=\"color: #000000;\" href=\"https:\/\/www.helloasso.com\/associations\/citemomes\" target=\"_blank\" rel=\"noreferrer noopener\">https:\/\/www.helloasso.com\/associations\/citemomes<\/a>.<\/span><\/p>\n<p><span style=\"color: #000000;\">\ud83c\udf81\u00a0<strong>Par mail<\/strong>\u00a0: associationcitemomes@gmail.com.<\/span><\/p>\n<p><span style=\"color: #000000;\">\ud83c\udf81\u00a0<strong>Par t\u00e9l\u00e9phone<\/strong>\u00a0:\u00a0<a style=\"color: #000000;\" href=\"https:\/\/www.google.com\/search?q=citemomes&amp;oq=citemomes+&amp;aqs=chrome..69i57j69i59j35i39j69i60l5.2608j0j7&amp;sourceid=chrome&amp;ie=UTF-8#\">02 76 08 72 67<\/a>.<\/span><\/p>\n<p>\u00a0<\/p>\n<p style=\"text-align: center;\"><strong><span style=\"color: #000000;\">Nous avons h\u00e2te de vous retrouver ! \u00c0 tr\u00e8s vite chez Cit\u00e9m\u00f4mes ! \ud83e\udd29<\/span><\/strong><\/p>\n<p><!-- \/wp:paragraph --><\/p>\t\t\t\t\t\t<\/div>\n\t\t\t\t<\/div>\n\t\t\t\t\t<\/div>\n\t\t<\/div>\n\t\t\t\t\t<\/div>\n\t\t<\/section>\n\t\t\t\t<\/div>\n\t\t","protected":false},"excerpt":{"rendered":"<p>Durant tous le mois de d\u00e9cembre et jusqu&#8217;\u00e0 la date tant attendue de No\u00ebl, l&#8217;\u00e9quipe de Cit\u00e9m\u00f4mes vous donne rendez-vous \u00e0 l&#8217;ext\u00e9rieur ainsi qu&#8217;\u00e0 son local pour des petits ateliers cr\u00e9atifs scintillants et amusants ! \ud83c\udf84\ud83c\udf81 \u00a0 VOICI LE PROGRAMME :\u00a0 \u00a0 \u2b50\ufe0f \u00c0 l&#8217;ext\u00e9rieur : les mercredis, samedis et dimanches ! \u00a0 \ud83d\udcc6 LES&hellip; <a href=\"https:\/\/particuliers.citemomes.fr\/index.php\/2021\/12\/06\/le-noel-de-citemomes-le-programme\/\" class=\"more-link\">Lire la suite <span class=\"screen-reader-text\">Le No\u00ebl de Cit\u00e9m\u00f4mes : le programme !<\/span><\/a><\/p>\n","protected":false},"author":1,"featured_media":0,"comment_status":"open","ping_status":"open","sticky":false,"template":"","format":"standard","meta":[],"categories":[181,238,184],"tags":[],"yoast_head":"<!-- This site is optimized with the Yoast SEO plugin v20.0 - https:\/\/yoast.com\/wordpress\/plugins\/seo\/ -->\n<title>Le No\u00ebl de Cit\u00e9m\u00f4mes : le programme ! -<\/title>\n<meta name=\"robots\" content=\"index, follow, max-snippet:-1, max-image-preview:large, max-video-preview:-1\" \/>\n<link rel=\"canonical\" href=\"https:\/\/particuliers.citemomes.fr\/index.php\/2021\/12\/06\/le-noel-de-citemomes-le-programme\/\" \/>\n<meta property=\"og:locale\" content=\"fr_FR\" \/>\n<meta property=\"og:type\" content=\"article\" \/>\n<meta property=\"og:title\" content=\"Le No\u00ebl de Cit\u00e9m\u00f4mes : le programme ! -\" \/>\n<meta property=\"og:description\" content=\"Durant tous le mois de d\u00e9cembre et jusqu&#8217;\u00e0 la date tant attendue de No\u00ebl, l&#8217;\u00e9quipe de Cit\u00e9m\u00f4mes vous donne rendez-vous \u00e0 l&#8217;ext\u00e9rieur ainsi qu&#8217;\u00e0 son local pour des petits ateliers cr\u00e9atifs scintillants et amusants ! \ud83c\udf84\ud83c\udf81 \u00a0 VOICI LE PROGRAMME :\u00a0 \u00a0 \u2b50\ufe0f \u00c0 l&#8217;ext\u00e9rieur : les mercredis, samedis et dimanches ! \u00a0 \ud83d\udcc6 LES&hellip; Lire la suite Le No\u00ebl de Cit\u00e9m\u00f4mes : le programme !\" \/>\n<meta property=\"og:url\" content=\"https:\/\/particuliers.citemomes.fr\/index.php\/2021\/12\/06\/le-noel-de-citemomes-le-programme\/\" \/>\n<meta property=\"article:published_time\" content=\"2021-12-06T09:59:39+00:00\" \/>\n<meta name=\"author\" content=\"admin\" \/>\n<meta name=\"twitter:card\" content=\"summary_large_image\" \/>\n<meta name=\"twitter:label1\" content=\"\u00c9crit par\" \/>\n\t<meta name=\"twitter:data1\" content=\"admin\" \/>\n\t<meta name=\"twitter:label2\" content=\"Dur\u00e9e de lecture estim\u00e9e\" \/>\n\t<meta name=\"twitter:data2\" content=\"6 minutes\" \/>\n<script type=\"application\/ld+json\" class=\"yoast-schema-graph\">{\"@context\":\"https:\/\/schema.org\",\"@graph\":[{\"@type\":\"WebPage\",\"@id\":\"https:\/\/particuliers.citemomes.fr\/index.php\/2021\/12\/06\/le-noel-de-citemomes-le-programme\/\",\"url\":\"https:\/\/particuliers.citemomes.fr\/index.php\/2021\/12\/06\/le-noel-de-citemomes-le-programme\/\",\"name\":\"Le No\u00ebl de Cit\u00e9m\u00f4mes : le programme ! -\",\"isPartOf\":{\"@id\":\"http:\/\/particuliers.citemomes.fr\/#website\"},\"datePublished\":\"2021-12-06T09:59:39+00:00\",\"dateModified\":\"2021-12-06T09:59:39+00:00\",\"author\":{\"@id\":\"http:\/\/particuliers.citemomes.fr\/#\/schema\/person\/b7d2d1ef56f27deb2049e29950fb75f7\"},\"breadcrumb\":{\"@id\":\"https:\/\/particuliers.citemomes.fr\/index.php\/2021\/12\/06\/le-noel-de-citemomes-le-programme\/#breadcrumb\"},\"inLanguage\":\"fr-FR\",\"potentialAction\":[{\"@type\":\"ReadAction\",\"target\":[\"https:\/\/particuliers.citemomes.fr\/index.php\/2021\/12\/06\/le-noel-de-citemomes-le-programme\/\"]}]},{\"@type\":\"BreadcrumbList\",\"@id\":\"https:\/\/particuliers.citemomes.fr\/index.php\/2021\/12\/06\/le-noel-de-citemomes-le-programme\/#breadcrumb\",\"itemListElement\":[{\"@type\":\"ListItem\",\"position\":1,\"name\":\"Accueil\",\"item\":\"https:\/\/particuliers.citemomes.fr\/\"},{\"@type\":\"ListItem\",\"position\":2,\"name\":\"Le No\u00ebl de Cit\u00e9m\u00f4mes : le programme !\"}]},{\"@type\":\"WebSite\",\"@id\":\"http:\/\/particuliers.citemomes.fr\/#website\",\"url\":\"http:\/\/particuliers.citemomes.fr\/\",\"name\":\"\",\"description\":\"D\u00e9couvrir, cr\u00e9er, r\u00eaver !\",\"potentialAction\":[{\"@type\":\"SearchAction\",\"target\":{\"@type\":\"EntryPoint\",\"urlTemplate\":\"http:\/\/particuliers.citemomes.fr\/?s={search_term_string}\"},\"query-input\":\"required name=search_term_string\"}],\"inLanguage\":\"fr-FR\"},{\"@type\":\"Person\",\"@id\":\"http:\/\/particuliers.citemomes.fr\/#\/schema\/person\/b7d2d1ef56f27deb2049e29950fb75f7\",\"name\":\"admin\",\"image\":{\"@type\":\"ImageObject\",\"inLanguage\":\"fr-FR\",\"@id\":\"http:\/\/particuliers.citemomes.fr\/#\/schema\/person\/image\/\",\"url\":\"https:\/\/secure.gravatar.com\/avatar\/2a31050660754423bc44e2e1ec39bd92?s=96&d=mm&r=g\",\"contentUrl\":\"https:\/\/secure.gravatar.com\/avatar\/2a31050660754423bc44e2e1ec39bd92?s=96&d=mm&r=g\",\"caption\":\"admin\"},\"url\":\"https:\/\/particuliers.citemomes.fr\/index.php\/author\/admin\/\"}]}<\/script>\n<!-- \/ Yoast SEO plugin. -->","yoast_head_json":{"title":"Le No\u00ebl de Cit\u00e9m\u00f4mes : le programme ! -","robots":{"index":"index","follow":"follow","max-snippet":"max-snippet:-1","max-image-preview":"max-image-preview:large","max-video-preview":"max-video-preview:-1"},"canonical":"https:\/\/particuliers.citemomes.fr\/index.php\/2021\/12\/06\/le-noel-de-citemomes-le-programme\/","og_locale":"fr_FR","og_type":"article","og_title":"Le No\u00ebl de Cit\u00e9m\u00f4mes : le programme ! -","og_description":"Durant tous le mois de d\u00e9cembre et jusqu&#8217;\u00e0 la date tant attendue de No\u00ebl, l&#8217;\u00e9quipe de Cit\u00e9m\u00f4mes vous donne rendez-vous \u00e0 l&#8217;ext\u00e9rieur ainsi qu&#8217;\u00e0 son local pour des petits ateliers cr\u00e9atifs scintillants et amusants ! \ud83c\udf84\ud83c\udf81 \u00a0 VOICI LE PROGRAMME :\u00a0 \u00a0 \u2b50\ufe0f \u00c0 l&#8217;ext\u00e9rieur : les mercredis, samedis et dimanches ! \u00a0 \ud83d\udcc6 LES&hellip; Lire la suite Le No\u00ebl de Cit\u00e9m\u00f4mes : le programme !","og_url":"https:\/\/particuliers.citemomes.fr\/index.php\/2021\/12\/06\/le-noel-de-citemomes-le-programme\/","article_published_time":"2021-12-06T09:59:39+00:00","author":"admin","twitter_card":"summary_large_image","twitter_misc":{"\u00c9crit par":"admin","Dur\u00e9e de lecture estim\u00e9e":"6 minutes"},"schema":{"@context":"https:\/\/schema.org","@graph":[{"@type":"WebPage","@id":"https:\/\/particuliers.citemomes.fr\/index.php\/2021\/12\/06\/le-noel-de-citemomes-le-programme\/","url":"https:\/\/particuliers.citemomes.fr\/index.php\/2021\/12\/06\/le-noel-de-citemomes-le-programme\/","name":"Le No\u00ebl de Cit\u00e9m\u00f4mes : le programme ! -","isPartOf":{"@id":"http:\/\/particuliers.citemomes.fr\/#website"},"datePublished":"2021-12-06T09:59:39+00:00","dateModified":"2021-12-06T09:59:39+00:00","author":{"@id":"http:\/\/particuliers.citemomes.fr\/#\/schema\/person\/b7d2d1ef56f27deb2049e29950fb75f7"},"breadcrumb":{"@id":"https:\/\/particuliers.citemomes.fr\/index.php\/2021\/12\/06\/le-noel-de-citemomes-le-programme\/#breadcrumb"},"inLanguage":"fr-FR","potentialAction":[{"@type":"ReadAction","target":["https:\/\/particuliers.citemomes.fr\/index.php\/2021\/12\/06\/le-noel-de-citemomes-le-programme\/"]}]},{"@type":"BreadcrumbList","@id":"https:\/\/particuliers.citemomes.fr\/index.php\/2021\/12\/06\/le-noel-de-citemomes-le-programme\/#breadcrumb","itemListElement":[{"@type":"ListItem","position":1,"name":"Accueil","item":"https:\/\/particuliers.citemomes.fr\/"},{"@type":"ListItem","position":2,"name":"Le No\u00ebl de Cit\u00e9m\u00f4mes : le programme !"}]},{"@type":"WebSite","@id":"http:\/\/particuliers.citemomes.fr\/#website","url":"http:\/\/particuliers.citemomes.fr\/","name":"","description":"D\u00e9couvrir, cr\u00e9er, r\u00eaver !","potentialAction":[{"@type":"SearchAction","target":{"@type":"EntryPoint","urlTemplate":"http:\/\/particuliers.citemomes.fr\/?s={search_term_string}"},"query-input":"required name=search_term_string"}],"inLanguage":"fr-FR"},{"@type":"Person","@id":"http:\/\/particuliers.citemomes.fr\/#\/schema\/person\/b7d2d1ef56f27deb2049e29950fb75f7","name":"admin","image":{"@type":"ImageObject","inLanguage":"fr-FR","@id":"http:\/\/particuliers.citemomes.fr\/#\/schema\/person\/image\/","url":"https:\/\/secure.gravatar.com\/avatar\/2a31050660754423bc44e2e1ec39bd92?s=96&d=mm&r=g","contentUrl":"https:\/\/secure.gravatar.com\/avatar\/2a31050660754423bc44e2e1ec39bd92?s=96&d=mm&r=g","caption":"admin"},"url":"https:\/\/particuliers.citemomes.fr\/index.php\/author\/admin\/"}]}},"_links":{"self":[{"href":"https:\/\/particuliers.citemomes.fr\/index.php\/wp-json\/wp\/v2\/posts\/4733"}],"collection":[{"href":"https:\/\/particuliers.citemomes.fr\/index.php\/wp-json\/wp\/v2\/posts"}],"about":[{"href":"https:\/\/particuliers.citemomes.fr\/index.php\/wp-json\/wp\/v2\/types\/post"}],"author":[{"embeddable":true,"href":"https:\/\/particuliers.citemomes.fr\/index.php\/wp-json\/wp\/v2\/users\/1"}],"replies":[{"embeddable":true,"href":"https:\/\/particuliers.citemomes.fr\/index.php\/wp-json\/wp\/v2\/comments?post=4733"}],"version-history":[{"count":0,"href":"https:\/\/particuliers.citemomes.fr\/index.php\/wp-json\/wp\/v2\/posts\/4733\/revisions"}],"wp:attachment":[{"href":"https:\/\/particuliers.citemomes.fr\/index.php\/wp-json\/wp\/v2\/media?parent=4733"}],"wp:term":[{"taxonomy":"category","embeddable":true,"href":"https:\/\/particuliers.citemomes.fr\/index.php\/wp-json\/wp\/v2\/categories?post=4733"},{"taxonomy":"post_tag","embeddable":true,"href":"https:\/\/particuliers.citemomes.fr\/index.php\/wp-json\/wp\/v2\/tags?post=4733"}],"curies":[{"name":"wp","href":"https:\/\/api.w.org\/{rel}","templated":true}]}}