{"id":6340,"date":"2023-01-24T14:11:05","date_gmt":"2023-01-24T13:11:05","guid":{"rendered":"https:\/\/particuliers.citemomes.fr\/?p=6340"},"modified":"2023-01-24T14:18:14","modified_gmt":"2023-01-24T13:18:14","slug":"programme-des-vacances-dhiver","status":"publish","type":"post","link":"https:\/\/particuliers.citemomes.fr\/index.php\/2023\/01\/24\/programme-des-vacances-dhiver\/","title":{"rendered":"Vacances d&#8217;hiver : le programme !"},"content":{"rendered":"\t\t<div data-elementor-type=\"wp-post\" data-elementor-id=\"6340\" class=\"elementor elementor-6340\">\n\t\t\t\t\t\t<section class=\"elementor-section elementor-top-section elementor-element elementor-element-518853c elementor-section-boxed elementor-section-height-default elementor-section-height-default\" data-id=\"518853c\" data-element_type=\"section\">\n\t\t\t\t\t\t<div class=\"elementor-container elementor-column-gap-default\">\n\t\t\t\t\t<div class=\"elementor-column elementor-col-100 elementor-top-column elementor-element elementor-element-fead782\" data-id=\"fead782\" data-element_type=\"column\">\n\t\t\t<div class=\"elementor-widget-wrap elementor-element-populated\">\n\t\t\t\t\t\t<div class=\"elementor-element elementor-element-f2089a5 elementor-widget elementor-widget-text-editor\" data-id=\"f2089a5\" data-element_type=\"widget\" data-widget_type=\"text-editor.default\">\n\t\t\t\t<div class=\"elementor-widget-container\">\n\t\t\t\t\t\t\t<p style=\"text-align: center;\"><strong><span style=\"color: #000000;\">Les ateliers des vacances d&#8217;hiver arrivent !<\/span><\/strong><\/p><p style=\"text-align: center;\"><span style=\"color: #000000;\">\u00a0<\/span><\/p><p style=\"text-align: center;\"><span style=\"color: #000000;\">Inscrivez vos enfants (4-12 ans) \u00e0 nos ateliers cr\u00e9atifs des vacances d&#8217;hiver sur le th\u00e8me de l&#8217;Exploration d&#8217;hiver par mail (associationcitemomes@gmail.com), t\u00e9l\u00e9phone (02 76 08 72 67) ou via notre billetterie en ligne :<\/span><\/p><p style=\"text-align: center;\"><span style=\"color: #000000;\"><span style=\"font-weight: 400;\"><img decoding=\"async\" class=\"emoji\" role=\"img\" draggable=\"false\" src=\"https:\/\/s.w.org\/images\/core\/emoji\/14.0.0\/svg\/1f449.svg\" alt=\"\ud83d\udc49\" \/> <a href=\"https:\/\/www.helloasso.com\/associations\/citemomes\">Cit\u00e9m\u00f4mes | HelloAsso<\/a><\/span><\/span><\/p>\t\t\t\t\t\t<\/div>\n\t\t\t\t<\/div>\n\t\t\t\t\t<\/div>\n\t\t<\/div>\n\t\t\t\t\t<\/div>\n\t\t<\/section>\n\t\t\t\t<section class=\"elementor-section elementor-top-section elementor-element elementor-element-2dfda7e elementor-section-boxed elementor-section-height-default elementor-section-height-default\" data-id=\"2dfda7e\" data-element_type=\"section\">\n\t\t\t\t\t\t<div class=\"elementor-container elementor-column-gap-default\">\n\t\t\t\t\t<div class=\"elementor-column elementor-col-100 elementor-top-column elementor-element elementor-element-e32f460\" data-id=\"e32f460\" data-element_type=\"column\">\n\t\t\t<div class=\"elementor-widget-wrap elementor-element-populated\">\n\t\t\t\t\t\t<div class=\"elementor-element elementor-element-07655a6 elementor-widget elementor-widget-image\" data-id=\"07655a6\" data-element_type=\"widget\" data-widget_type=\"image.default\">\n\t\t\t\t<div class=\"elementor-widget-container\">\n\t\t\t\t\t\t\t\t\t\t\t\t\t<img fetchpriority=\"high\" decoding=\"async\" width=\"825\" height=\"617\" src=\"https:\/\/particuliers.citemomes.fr\/wp-content\/uploads\/2023\/01\/Exploration-dhiver-3-1-1024x766.png\" class=\"attachment-large size-large wp-image-6365\" alt=\"\" srcset=\"https:\/\/particuliers.citemomes.fr\/wp-content\/uploads\/2023\/01\/Exploration-dhiver-3-1-1024x766.png 1024w, https:\/\/particuliers.citemomes.fr\/wp-content\/uploads\/2023\/01\/Exploration-dhiver-3-1-300x224.png 300w, https:\/\/particuliers.citemomes.fr\/wp-content\/uploads\/2023\/01\/Exploration-dhiver-3-1-768x574.png 768w, https:\/\/particuliers.citemomes.fr\/wp-content\/uploads\/2023\/01\/Exploration-dhiver-3-1-1536x1149.png 1536w, https:\/\/particuliers.citemomes.fr\/wp-content\/uploads\/2023\/01\/Exploration-dhiver-3-1.png 2000w\" sizes=\"(max-width: 825px) 100vw, 825px\" \/>\t\t\t\t\t\t\t\t\t\t\t\t\t<\/div>\n\t\t\t\t<\/div>\n\t\t\t\t\t<\/div>\n\t\t<\/div>\n\t\t\t\t\t<\/div>\n\t\t<\/section>\n\t\t\t\t<section class=\"elementor-section elementor-top-section elementor-element elementor-element-0c0819a elementor-section-boxed elementor-section-height-default elementor-section-height-default\" data-id=\"0c0819a\" data-element_type=\"section\">\n\t\t\t\t\t\t<div class=\"elementor-container elementor-column-gap-default\">\n\t\t\t\t\t<div class=\"elementor-column elementor-col-100 elementor-top-column elementor-element elementor-element-2850ca4\" data-id=\"2850ca4\" data-element_type=\"column\">\n\t\t\t<div class=\"elementor-widget-wrap elementor-element-populated\">\n\t\t\t\t\t\t<div class=\"elementor-element elementor-element-1fd7852 elementor-widget elementor-widget-text-editor\" data-id=\"1fd7852\" data-element_type=\"widget\" data-widget_type=\"text-editor.default\">\n\t\t\t\t<div class=\"elementor-widget-container\">\n\t\t\t\t\t\t\t<p style=\"text-align: center;\"><span style=\"color: #000000;\"><strong>Inscrivez d\u00e8s maintenant vos enfants !\u00a0<img decoding=\"async\" class=\"emoji\" role=\"img\" draggable=\"false\" src=\"https:\/\/s.w.org\/images\/core\/emoji\/14.0.0\/svg\/1f929.svg\" alt=\"\ud83e\udd29\" \/><img decoding=\"async\" class=\"emoji\" role=\"img\" draggable=\"false\" src=\"https:\/\/s.w.org\/images\/core\/emoji\/14.0.0\/svg\/1f384.svg\" alt=\"\ud83c\udf84\" \/><\/strong><\/span><\/p><p><span style=\"color: #000000;\"><strong>\u00a0<\/strong><\/span><\/p><p><span style=\"color: #000000;\"><strong>Pour r\u00e9server :\u00a0<\/strong><\/span><\/p><p><span style=\"color: #000000;\"><strong>\u00a0<\/strong><\/span><\/p><p><span style=\"color: #000000;\"><img decoding=\"async\" class=\"emoji\" role=\"img\" draggable=\"false\" src=\"https:\/\/s.w.org\/images\/core\/emoji\/14.0.0\/svg\/1f381.svg\" alt=\"\ud83c\udf81\" \/>\u00a0<strong>En ligne via HelloAsso<\/strong>\u00a0:<\/span><\/p><p><span style=\"color: #000000;\"><img decoding=\"async\" class=\"emoji\" role=\"img\" draggable=\"false\" src=\"https:\/\/s.w.org\/images\/core\/emoji\/14.0.0\/svg\/2728.svg\" alt=\"\u2728\" \/>\u201cP&#8217;tits ateliers des vacances\u201d <span style=\"color: #008080;\">: <a style=\"color: #008080;\" href=\"https:\/\/www.helloasso.com\/associations\/citemomes\/evenements\/ateliers-p-tits-ateliers-des-vacances\"><strong>cliquez ici<\/strong><\/a><\/span><\/span><\/p><p><span style=\"color: #000000;\"><img decoding=\"async\" class=\"emoji\" role=\"img\" draggable=\"false\" src=\"https:\/\/s.w.org\/images\/core\/emoji\/14.0.0\/svg\/2728.svg\" alt=\"\u2728\" \/>\u201cAtelier Baz&#8217;art\u201d :<span style=\"color: #008080;\"> <a style=\"color: #008080;\" href=\"https:\/\/www.helloasso.com\/associations\/citemomes\/evenements\/ateliers-p-tits-ateliers-des-vacances\"><strong>cliquez ici<\/strong><\/a><\/span><\/span><\/p><p><span style=\"color: #000000;\"><img decoding=\"async\" class=\"emoji\" role=\"img\" draggable=\"false\" src=\"https:\/\/s.w.org\/images\/core\/emoji\/14.0.0\/svg\/2728.svg\" alt=\"\u2728\" \/>\u201cAtelier Modelage\u201d : <span style=\"color: #008080;\"><a style=\"color: #008080;\" href=\"https:\/\/www.helloasso.com\/associations\/citemomes\/evenements\/atelier-modelage-vacances-de-la-toussaint\"><strong>cliquez ici<\/strong><\/a><\/span><\/span><\/p><p><span style=\"color: #000000;\"><img decoding=\"async\" class=\"emoji\" role=\"img\" draggable=\"false\" src=\"https:\/\/s.w.org\/images\/core\/emoji\/14.0.0\/svg\/2728.svg\" alt=\"\u2728\" \/>\u201cAtelier Pompons\u201d : <span style=\"color: #008080;\"><a style=\"color: #008080;\" href=\"https:\/\/www.helloasso.com\/associations\/citemomes\/evenements\/ateliers-pompons-de-noel\"><strong>cliquez ici<\/strong><\/a><\/span><\/span><\/p><p><span style=\"color: #000000;\"><img decoding=\"async\" class=\"emoji\" role=\"img\" draggable=\"false\" src=\"https:\/\/s.w.org\/images\/core\/emoji\/14.0.0\/svg\/2728.svg\" alt=\"\u2728\" \/>\u201cAtelier DIY\u201d :<span style=\"color: #008080;\"> <a style=\"color: #008080;\" href=\"https:\/\/www.helloasso.com\/associations\/citemomes\/evenements\/ateliers-diy?_ga=2.60396207.34718862.1674207427-1679193866.1669808625&amp;_gl=1%2a1iy7qog%2a_ga%2aMTY3OTE5Mzg2Ni4xNjY5ODA4NjI1%2a_ga_TKC826G3G2%2aMTY3NDIwNzQzMi45LjEuMTY3NDIxMDczNS4wLjAuMA..\"><strong>cliquez ici<\/strong><\/a><\/span><\/span><\/p><p><span style=\"color: #000000;\"><img decoding=\"async\" class=\"emoji\" role=\"img\" draggable=\"false\" src=\"https:\/\/s.w.org\/images\/core\/emoji\/14.0.0\/svg\/2728.svg\" alt=\"\u2728\" \/>\u201cAtelier Croque ton mus\u00e9e\u201d : <span style=\"color: #008080;\"><a style=\"color: #008080;\" href=\"https:\/\/www.helloasso.com\/associations\/citemomes\/evenements\/ateliers-croque-ton-musee?_ga=2.63722797.34718862.1674207427-1679193866.1669808625&amp;_gl=1%2aplww2e%2a_ga%2aMTY3OTE5Mzg2Ni4xNjY5ODA4NjI1%2a_ga_TKC826G3G2%2aMTY3NDIwNzQzMi45LjEuMTY3NDIxMDgzNS4wLjAuMA..\"><strong>cliquez ici<\/strong><\/a><\/span><\/span><\/p><p><span style=\"color: #000000;\">\u00a0<\/span><\/p><p><span style=\"color: #000000;\"><img decoding=\"async\" class=\"emoji alignleft\" role=\"img\" draggable=\"false\" src=\"https:\/\/s.w.org\/images\/core\/emoji\/14.0.0\/svg\/1f381.svg\" alt=\"\ud83c\udf81\" \/>\u00a0<strong>Par mail<\/strong>\u00a0: associationcitemomes@gmail.com.<\/span><\/p><p style=\"text-align: left;\"><span style=\"color: #000000;\"><img decoding=\"async\" class=\"emoji alignleft\" role=\"img\" draggable=\"false\" src=\"https:\/\/s.w.org\/images\/core\/emoji\/14.0.0\/svg\/1f381.svg\" alt=\"\ud83c\udf81\" \/>\u00a0<strong>Par t\u00e9l\u00e9phone<\/strong>\u00a0:\u00a0<a style=\"color: #000000;\" href=\"https:\/\/www.google.com\/search?q=citemomes&amp;oq=citemomes+&amp;aqs=chrome..69i57j69i59j35i39j69i60l5.2608j0j7&amp;sourceid=chrome&amp;ie=UTF-8#\">02 76 08 72 67<\/a>.<\/span><\/p><p><span style=\"color: #000000;\">\u00a0<\/span><\/p><p style=\"text-align: center;\"><span style=\"color: #000000;\"><img decoding=\"async\" class=\"emoji aligncenter\" role=\"img\" draggable=\"false\" src=\"https:\/\/s.w.org\/images\/core\/emoji\/14.0.0\/svg\/1f4a1.svg\" alt=\"\ud83d\udca1\" \/>\u00a0Pensez \u00e9galement \u00e0 nos cartes d\u2019ateliers* (5, 10 ou 20 ateliers) pour des tarifs d\u00e9gressifs :\u00a0<\/span><\/p><p style=\"text-align: center;\"><a href=\"https:\/\/www.helloasso.com\/associations\/citemomes\/evenements\/les-cartes-cadeaux-citemomes\"><b>https:\/\/www.helloasso.com\/associations\/citemomes\/evenements\/les-cartes-cadeaux-citemomes<\/b><\/a>.<\/p><p style=\"text-align: center;\"><span style=\"color: #000000;\"><i>*Non-nominatives et valables 1 an \u00e0 partir de la date d\u2019achat pour les vacances de la Toussaint, No\u00ebl, Hiver, P\u00e2ques et 1\u00e8re semaine des vacances d\u2019\u00e9t\u00e9.<\/i><\/span><\/p>\t\t\t\t\t\t<\/div>\n\t\t\t\t<\/div>\n\t\t\t\t\t<\/div>\n\t\t<\/div>\n\t\t\t\t\t<\/div>\n\t\t<\/section>\n\t\t\t\t<\/div>\n\t\t","protected":false},"excerpt":{"rendered":"<p>Les ateliers des vacances d&#8217;hiver arrivent ! \u00a0 Inscrivez vos enfants (4-12 ans) \u00e0 nos ateliers cr\u00e9atifs des vacances d&#8217;hiver sur le th\u00e8me de l&#8217;Exploration d&#8217;hiver par mail (associationcitemomes@gmail.com), t\u00e9l\u00e9phone (02 76 08 72 67) ou via notre billetterie en ligne : Cit\u00e9m\u00f4mes | HelloAsso Inscrivez d\u00e8s maintenant vos enfants !\u00a0 \u00a0 Pour r\u00e9server :\u00a0&hellip; <a href=\"https:\/\/particuliers.citemomes.fr\/index.php\/2023\/01\/24\/programme-des-vacances-dhiver\/\" class=\"more-link\">Lire la suite <span class=\"screen-reader-text\">Vacances d&#8217;hiver : le programme !<\/span><\/a><\/p>\n","protected":false},"author":1,"featured_media":0,"comment_status":"open","ping_status":"open","sticky":false,"template":"","format":"standard","meta":[],"categories":[184],"tags":[],"yoast_head":"<!-- This site is optimized with the Yoast SEO plugin v20.0 - https:\/\/yoast.com\/wordpress\/plugins\/seo\/ -->\n<title>Vacances d&#039;hiver : le programme ! -<\/title>\n<meta name=\"robots\" content=\"index, follow, max-snippet:-1, max-image-preview:large, max-video-preview:-1\" \/>\n<link rel=\"canonical\" href=\"https:\/\/particuliers.citemomes.fr\/index.php\/2023\/01\/24\/programme-des-vacances-dhiver\/\" \/>\n<meta property=\"og:locale\" content=\"fr_FR\" \/>\n<meta property=\"og:type\" content=\"article\" \/>\n<meta property=\"og:title\" content=\"Vacances d&#039;hiver : le programme ! -\" \/>\n<meta property=\"og:description\" content=\"Les ateliers des vacances d&#8217;hiver arrivent ! \u00a0 Inscrivez vos enfants (4-12 ans) \u00e0 nos ateliers cr\u00e9atifs des vacances d&#8217;hiver sur le th\u00e8me de l&#8217;Exploration d&#8217;hiver par mail (associationcitemomes@gmail.com), t\u00e9l\u00e9phone (02 76 08 72 67) ou via notre billetterie en ligne : Cit\u00e9m\u00f4mes | HelloAsso Inscrivez d\u00e8s maintenant vos enfants !\u00a0 \u00a0 Pour r\u00e9server :\u00a0&hellip; Lire la suite Vacances d&#8217;hiver : le programme !\" \/>\n<meta property=\"og:url\" content=\"https:\/\/particuliers.citemomes.fr\/index.php\/2023\/01\/24\/programme-des-vacances-dhiver\/\" \/>\n<meta property=\"article:published_time\" content=\"2023-01-24T13:11:05+00:00\" \/>\n<meta property=\"article:modified_time\" content=\"2023-01-24T13:18:14+00:00\" \/>\n<meta property=\"og:image\" content=\"https:\/\/s.w.org\/images\/core\/emoji\/14.0.0\/svg\/1f449.svg\" \/>\n<meta name=\"author\" content=\"admin\" \/>\n<meta name=\"twitter:card\" content=\"summary_large_image\" \/>\n<meta name=\"twitter:label1\" content=\"\u00c9crit par\" \/>\n\t<meta name=\"twitter:data1\" content=\"admin\" \/>\n\t<meta name=\"twitter:label2\" content=\"Dur\u00e9e de lecture estim\u00e9e\" \/>\n\t<meta name=\"twitter:data2\" content=\"4 minutes\" \/>\n<script type=\"application\/ld+json\" class=\"yoast-schema-graph\">{\"@context\":\"https:\/\/schema.org\",\"@graph\":[{\"@type\":\"WebPage\",\"@id\":\"https:\/\/particuliers.citemomes.fr\/index.php\/2023\/01\/24\/programme-des-vacances-dhiver\/\",\"url\":\"https:\/\/particuliers.citemomes.fr\/index.php\/2023\/01\/24\/programme-des-vacances-dhiver\/\",\"name\":\"Vacances d'hiver : le programme ! -\",\"isPartOf\":{\"@id\":\"http:\/\/particuliers.citemomes.fr\/#website\"},\"datePublished\":\"2023-01-24T13:11:05+00:00\",\"dateModified\":\"2023-01-24T13:18:14+00:00\",\"author\":{\"@id\":\"http:\/\/particuliers.citemomes.fr\/#\/schema\/person\/b7d2d1ef56f27deb2049e29950fb75f7\"},\"breadcrumb\":{\"@id\":\"https:\/\/particuliers.citemomes.fr\/index.php\/2023\/01\/24\/programme-des-vacances-dhiver\/#breadcrumb\"},\"inLanguage\":\"fr-FR\",\"potentialAction\":[{\"@type\":\"ReadAction\",\"target\":[\"https:\/\/particuliers.citemomes.fr\/index.php\/2023\/01\/24\/programme-des-vacances-dhiver\/\"]}]},{\"@type\":\"BreadcrumbList\",\"@id\":\"https:\/\/particuliers.citemomes.fr\/index.php\/2023\/01\/24\/programme-des-vacances-dhiver\/#breadcrumb\",\"itemListElement\":[{\"@type\":\"ListItem\",\"position\":1,\"name\":\"Accueil\",\"item\":\"https:\/\/particuliers.citemomes.fr\/\"},{\"@type\":\"ListItem\",\"position\":2,\"name\":\"Vacances d&#8217;hiver : le programme !\"}]},{\"@type\":\"WebSite\",\"@id\":\"http:\/\/particuliers.citemomes.fr\/#website\",\"url\":\"http:\/\/particuliers.citemomes.fr\/\",\"name\":\"\",\"description\":\"D\u00e9couvrir, cr\u00e9er, r\u00eaver !\",\"potentialAction\":[{\"@type\":\"SearchAction\",\"target\":{\"@type\":\"EntryPoint\",\"urlTemplate\":\"http:\/\/particuliers.citemomes.fr\/?s={search_term_string}\"},\"query-input\":\"required name=search_term_string\"}],\"inLanguage\":\"fr-FR\"},{\"@type\":\"Person\",\"@id\":\"http:\/\/particuliers.citemomes.fr\/#\/schema\/person\/b7d2d1ef56f27deb2049e29950fb75f7\",\"name\":\"admin\",\"image\":{\"@type\":\"ImageObject\",\"inLanguage\":\"fr-FR\",\"@id\":\"http:\/\/particuliers.citemomes.fr\/#\/schema\/person\/image\/\",\"url\":\"https:\/\/secure.gravatar.com\/avatar\/2a31050660754423bc44e2e1ec39bd92?s=96&d=mm&r=g\",\"contentUrl\":\"https:\/\/secure.gravatar.com\/avatar\/2a31050660754423bc44e2e1ec39bd92?s=96&d=mm&r=g\",\"caption\":\"admin\"},\"url\":\"https:\/\/particuliers.citemomes.fr\/index.php\/author\/admin\/\"}]}<\/script>\n<!-- \/ Yoast SEO plugin. -->","yoast_head_json":{"title":"Vacances d'hiver : le programme ! -","robots":{"index":"index","follow":"follow","max-snippet":"max-snippet:-1","max-image-preview":"max-image-preview:large","max-video-preview":"max-video-preview:-1"},"canonical":"https:\/\/particuliers.citemomes.fr\/index.php\/2023\/01\/24\/programme-des-vacances-dhiver\/","og_locale":"fr_FR","og_type":"article","og_title":"Vacances d'hiver : le programme ! -","og_description":"Les ateliers des vacances d&#8217;hiver arrivent ! \u00a0 Inscrivez vos enfants (4-12 ans) \u00e0 nos ateliers cr\u00e9atifs des vacances d&#8217;hiver sur le th\u00e8me de l&#8217;Exploration d&#8217;hiver par mail (associationcitemomes@gmail.com), t\u00e9l\u00e9phone (02 76 08 72 67) ou via notre billetterie en ligne : Cit\u00e9m\u00f4mes | HelloAsso Inscrivez d\u00e8s maintenant vos enfants !\u00a0 \u00a0 Pour r\u00e9server :\u00a0&hellip; Lire la suite Vacances d&#8217;hiver : le programme !","og_url":"https:\/\/particuliers.citemomes.fr\/index.php\/2023\/01\/24\/programme-des-vacances-dhiver\/","article_published_time":"2023-01-24T13:11:05+00:00","article_modified_time":"2023-01-24T13:18:14+00:00","og_image":[{"url":"https:\/\/s.w.org\/images\/core\/emoji\/14.0.0\/svg\/1f449.svg"}],"author":"admin","twitter_card":"summary_large_image","twitter_misc":{"\u00c9crit par":"admin","Dur\u00e9e de lecture estim\u00e9e":"4 minutes"},"schema":{"@context":"https:\/\/schema.org","@graph":[{"@type":"WebPage","@id":"https:\/\/particuliers.citemomes.fr\/index.php\/2023\/01\/24\/programme-des-vacances-dhiver\/","url":"https:\/\/particuliers.citemomes.fr\/index.php\/2023\/01\/24\/programme-des-vacances-dhiver\/","name":"Vacances d'hiver : le programme ! -","isPartOf":{"@id":"http:\/\/particuliers.citemomes.fr\/#website"},"datePublished":"2023-01-24T13:11:05+00:00","dateModified":"2023-01-24T13:18:14+00:00","author":{"@id":"http:\/\/particuliers.citemomes.fr\/#\/schema\/person\/b7d2d1ef56f27deb2049e29950fb75f7"},"breadcrumb":{"@id":"https:\/\/particuliers.citemomes.fr\/index.php\/2023\/01\/24\/programme-des-vacances-dhiver\/#breadcrumb"},"inLanguage":"fr-FR","potentialAction":[{"@type":"ReadAction","target":["https:\/\/particuliers.citemomes.fr\/index.php\/2023\/01\/24\/programme-des-vacances-dhiver\/"]}]},{"@type":"BreadcrumbList","@id":"https:\/\/particuliers.citemomes.fr\/index.php\/2023\/01\/24\/programme-des-vacances-dhiver\/#breadcrumb","itemListElement":[{"@type":"ListItem","position":1,"name":"Accueil","item":"https:\/\/particuliers.citemomes.fr\/"},{"@type":"ListItem","position":2,"name":"Vacances d&#8217;hiver : le programme !"}]},{"@type":"WebSite","@id":"http:\/\/particuliers.citemomes.fr\/#website","url":"http:\/\/particuliers.citemomes.fr\/","name":"","description":"D\u00e9couvrir, cr\u00e9er, r\u00eaver !","potentialAction":[{"@type":"SearchAction","target":{"@type":"EntryPoint","urlTemplate":"http:\/\/particuliers.citemomes.fr\/?s={search_term_string}"},"query-input":"required name=search_term_string"}],"inLanguage":"fr-FR"},{"@type":"Person","@id":"http:\/\/particuliers.citemomes.fr\/#\/schema\/person\/b7d2d1ef56f27deb2049e29950fb75f7","name":"admin","image":{"@type":"ImageObject","inLanguage":"fr-FR","@id":"http:\/\/particuliers.citemomes.fr\/#\/schema\/person\/image\/","url":"https:\/\/secure.gravatar.com\/avatar\/2a31050660754423bc44e2e1ec39bd92?s=96&d=mm&r=g","contentUrl":"https:\/\/secure.gravatar.com\/avatar\/2a31050660754423bc44e2e1ec39bd92?s=96&d=mm&r=g","caption":"admin"},"url":"https:\/\/particuliers.citemomes.fr\/index.php\/author\/admin\/"}]}},"_links":{"self":[{"href":"https:\/\/particuliers.citemomes.fr\/index.php\/wp-json\/wp\/v2\/posts\/6340"}],"collection":[{"href":"https:\/\/particuliers.citemomes.fr\/index.php\/wp-json\/wp\/v2\/posts"}],"about":[{"href":"https:\/\/particuliers.citemomes.fr\/index.php\/wp-json\/wp\/v2\/types\/post"}],"author":[{"embeddable":true,"href":"https:\/\/particuliers.citemomes.fr\/index.php\/wp-json\/wp\/v2\/users\/1"}],"replies":[{"embeddable":true,"href":"https:\/\/particuliers.citemomes.fr\/index.php\/wp-json\/wp\/v2\/comments?post=6340"}],"version-history":[{"count":33,"href":"https:\/\/particuliers.citemomes.fr\/index.php\/wp-json\/wp\/v2\/posts\/6340\/revisions"}],"predecessor-version":[{"id":6383,"href":"https:\/\/particuliers.citemomes.fr\/index.php\/wp-json\/wp\/v2\/posts\/6340\/revisions\/6383"}],"wp:attachment":[{"href":"https:\/\/particuliers.citemomes.fr\/index.php\/wp-json\/wp\/v2\/media?parent=6340"}],"wp:term":[{"taxonomy":"category","embeddable":true,"href":"https:\/\/particuliers.citemomes.fr\/index.php\/wp-json\/wp\/v2\/categories?post=6340"},{"taxonomy":"post_tag","embeddable":true,"href":"https:\/\/particuliers.citemomes.fr\/index.php\/wp-json\/wp\/v2\/tags?post=6340"}],"curies":[{"name":"wp","href":"https:\/\/api.w.org\/{rel}","templated":true}]}}